{"id":13877,"date":"2025-03-28T14:07:31","date_gmt":"2025-03-28T13:07:31","guid":{"rendered":"https:\/\/theinnovationexchange.ie\/?p=13877"},"modified":"2025-03-28T14:07:33","modified_gmt":"2025-03-28T13:07:33","slug":"design-thinking-webinar-april-9th","status":"publish","type":"post","link":"https:\/\/theinnovationexchange.ie\/ga\/design-thinking-webinar-april-9th\/","title":{"rendered":"Seimine\u00e1r Gr\u00e9as\u00e1in ar an Smaointeoireacht Dhearaidh, 9\u00fa Aibre\u00e1n"},"content":{"rendered":"<p class=\"wp-block-paragraph\">In today\u2019s fast-moving market, small businesses need smart, customer-focused innovation to stay ahead. Join us for <em>Smaointeoireacht Deartha do FBManna \u2013 Nu\u00e1la\u00edocht Chliste do Ghn\u00f3lachta\u00ed Beaga<\/em>. During this session led by Maria Cosgrove on behalf of Skillnet Innovation Exchange, we\u2019ll explore:&nbsp;<\/p>\n\n\n\n<ul class=\"wp-block-list\">\n<li>How SMEs can use Design Thinking to create customer-centric solutions and gain a competitive edge.\u00a0<\/li>\n<\/ul>\n\n\n\n<ul class=\"wp-block-list\">\n<li>Real-world success stories using Design Thinking.\u00a0<\/li>\n<\/ul>\n\n\n\n<ul class=\"wp-block-list\">\n<li>The Design Thinking Process.\u00a0<\/li>\n<\/ul>\n\n\n\n<ul class=\"wp-block-list\">\n<li>Prototyping &amp; Testing on a Budget: How to validate ideas fast with minimal investment.\u00a0<\/li>\n<\/ul>\n\n\n\n<ul class=\"wp-block-list\">\n<li>Introduction to the 90-Minute Innovation Challenge \u2013 a structured approach for SMEs to test ideas in real-time.\u00a0<\/li>\n<\/ul>\n\n\n\n<p class=\"wp-block-paragraph\"><strong>C\u00e9 ar ch\u00f3ir d\u00f3ibh freastal?<\/strong>&nbsp;<\/p>\n\n\n\n<p class=\"wp-block-paragraph\">This session is perfect for SME owners\/managers, startup founders and SME teams looking for cost-effective, rapid innovation strategies. Don\u2019t miss out!&nbsp;<\/p>\n\n\n\n<p class=\"wp-block-paragraph\"><strong>N\u00ed ball th\u00fa? <\/strong><a href=\"https:\/\/share-eu1.hsforms.com\/1mJpLh7hETTy0NcCvkpYhKgfkao2\" target=\"_blank\" rel=\"noreferrer noopener\"><strong>Cl\u00e1raigh anseo<\/strong><\/a><strong>.<\/strong>\u00a0<\/p>","protected":false},"excerpt":{"rendered":"<p>In today\u2019s fast-moving market, small businesses need smart, customer-focused innovation to stay ahead. Join us for Design Thinking for SMEs \u2013 Agile Innovation for Small Businesses. During this session led by Maria Cosgrove on behalf of Skillnet Innovation Exchange, we\u2019ll explore:&nbsp; Who should attend?&nbsp; This session is perfect for SME owners\/managers, startup founders and SME teams looking for cost-effective, rapid innovation strategies. Don\u2019t miss out!&nbsp; Not a member? Register here.\u00a0<\/p>","protected":false},"author":984,"featured_media":13879,"comment_status":"closed","ping_status":"closed","sticky":false,"template":"","format":"standard","meta":{"_acf_changed":false,"content-type":"","inline_featured_image":false,"footnotes":""},"categories":[1],"tags":[55],"class_list":["post-13877","post","type-post","status-publish","format-standard","has-post-thumbnail","hentry","category-news","tag-year-2025","category-1","description-off"],"acf":[],"yoast_head":"<!-- This site is optimized with the Yoast SEO plugin v28.0 - https:\/\/yoast.com\/product\/yoast-seo-wordpress\/ -->\n<title>Design Thinking Webinar April 9th - The Innovation Exchange<\/title>\n<meta name=\"robots\" content=\"index, follow, max-snippet:-1, max-image-preview:large, max-video-preview:-1\" \/>\n<link rel=\"canonical\" href=\"https:\/\/theinnovationexchange.ie\/ga\/design-thinking-webinar-april-9th\/\" \/>\n<meta property=\"og:locale\" content=\"en_US\" \/>\n<meta property=\"og:type\" content=\"article\" \/>\n<meta property=\"og:title\" content=\"Design Thinking Webinar April 9th - The Innovation Exchange\" \/>\n<meta property=\"og:description\" content=\"In today\u2019s fast-moving market, small businesses need smart, customer-focused innovation to stay ahead. Join us for Design Thinking for SMEs \u2013 Agile Innovation for Small Businesses. During this session led by Maria Cosgrove on behalf of Skillnet Innovation Exchange, we\u2019ll explore:&nbsp; Who should attend?&nbsp; This session is perfect for SME owners\/managers, startup founders and SME teams looking for cost-effective, rapid innovation strategies. Don\u2019t miss out!&nbsp; Not a member? Register here.\u00a0\" \/>\n<meta property=\"og:url\" content=\"https:\/\/theinnovationexchange.ie\/ga\/design-thinking-webinar-april-9th\/\" \/>\n<meta property=\"og:site_name\" content=\"The Innovation Exchange\" \/>\n<meta property=\"article:published_time\" content=\"2025-03-28T13:07:31+00:00\" \/>\n<meta property=\"article:modified_time\" content=\"2025-03-28T13:07:33+00:00\" \/>\n<meta property=\"og:image\" content=\"https:\/\/theinnovationexchange.ie\/wp-content\/uploads\/2025\/03\/SIE-Design-Thinking-Webinar-LinkedIn-1200x630px-March-2025.jpg\" \/>\n\t<meta property=\"og:image:width\" content=\"1200\" \/>\n\t<meta property=\"og:image:height\" content=\"627\" \/>\n\t<meta property=\"og:image:type\" content=\"image\/jpeg\" \/>\n<meta name=\"author\" content=\"Anne\" \/>\n<meta name=\"twitter:card\" content=\"summary_large_image\" \/>\n<meta name=\"twitter:label1\" content=\"Written by\" \/>\n\t<meta name=\"twitter:data1\" content=\"Anne\" \/>\n\t<meta name=\"twitter:label2\" content=\"Est. reading time\" \/>\n\t<meta name=\"twitter:data2\" content=\"1 minute\" \/>\n<script type=\"application\/ld+json\" class=\"yoast-schema-graph\">{\"@context\":\"https:\\\/\\\/schema.org\",\"@graph\":[{\"@type\":\"Article\",\"@id\":\"https:\\\/\\\/theinnovationexchange.ie\\\/design-thinking-webinar-april-9th\\\/#article\",\"isPartOf\":{\"@id\":\"https:\\\/\\\/theinnovationexchange.ie\\\/design-thinking-webinar-april-9th\\\/\"},\"author\":{\"name\":\"Anne\",\"@id\":\"https:\\\/\\\/theinnovationexchange.ie\\\/#\\\/schema\\\/person\\\/defa33c5c76395238a45f5f0fcf6041c\"},\"headline\":\"Design Thinking Webinar April 9th\",\"datePublished\":\"2025-03-28T13:07:31+00:00\",\"dateModified\":\"2025-03-28T13:07:33+00:00\",\"mainEntityOfPage\":{\"@id\":\"https:\\\/\\\/theinnovationexchange.ie\\\/design-thinking-webinar-april-9th\\\/\"},\"wordCount\":136,\"publisher\":{\"@id\":\"https:\\\/\\\/theinnovationexchange.ie\\\/#organization\"},\"image\":{\"@id\":\"https:\\\/\\\/theinnovationexchange.ie\\\/design-thinking-webinar-april-9th\\\/#primaryimage\"},\"thumbnailUrl\":\"https:\\\/\\\/theinnovationexchange.ie\\\/wp-content\\\/uploads\\\/2025\\\/03\\\/SIE-Design-Thinking-Webinar-LinkedIn-1200x630px-March-2025.jpg\",\"keywords\":[\"2025\"],\"articleSection\":[\"News\"],\"inLanguage\":\"ga\"},{\"@type\":\"WebPage\",\"@id\":\"https:\\\/\\\/theinnovationexchange.ie\\\/design-thinking-webinar-april-9th\\\/\",\"url\":\"https:\\\/\\\/theinnovationexchange.ie\\\/design-thinking-webinar-april-9th\\\/\",\"name\":\"Design Thinking Webinar April 9th - The Innovation Exchange\",\"isPartOf\":{\"@id\":\"https:\\\/\\\/theinnovationexchange.ie\\\/#website\"},\"primaryImageOfPage\":{\"@id\":\"https:\\\/\\\/theinnovationexchange.ie\\\/design-thinking-webinar-april-9th\\\/#primaryimage\"},\"image\":{\"@id\":\"https:\\\/\\\/theinnovationexchange.ie\\\/design-thinking-webinar-april-9th\\\/#primaryimage\"},\"thumbnailUrl\":\"https:\\\/\\\/theinnovationexchange.ie\\\/wp-content\\\/uploads\\\/2025\\\/03\\\/SIE-Design-Thinking-Webinar-LinkedIn-1200x630px-March-2025.jpg\",\"datePublished\":\"2025-03-28T13:07:31+00:00\",\"dateModified\":\"2025-03-28T13:07:33+00:00\",\"breadcrumb\":{\"@id\":\"https:\\\/\\\/theinnovationexchange.ie\\\/design-thinking-webinar-april-9th\\\/#breadcrumb\"},\"inLanguage\":\"ga\",\"potentialAction\":[{\"@type\":\"ReadAction\",\"target\":[\"https:\\\/\\\/theinnovationexchange.ie\\\/design-thinking-webinar-april-9th\\\/\"]}]},{\"@type\":\"ImageObject\",\"inLanguage\":\"ga\",\"@id\":\"https:\\\/\\\/theinnovationexchange.ie\\\/design-thinking-webinar-april-9th\\\/#primaryimage\",\"url\":\"https:\\\/\\\/theinnovationexchange.ie\\\/wp-content\\\/uploads\\\/2025\\\/03\\\/SIE-Design-Thinking-Webinar-LinkedIn-1200x630px-March-2025.jpg\",\"contentUrl\":\"https:\\\/\\\/theinnovationexchange.ie\\\/wp-content\\\/uploads\\\/2025\\\/03\\\/SIE-Design-Thinking-Webinar-LinkedIn-1200x630px-March-2025.jpg\",\"width\":1200,\"height\":627},{\"@type\":\"BreadcrumbList\",\"@id\":\"https:\\\/\\\/theinnovationexchange.ie\\\/design-thinking-webinar-april-9th\\\/#breadcrumb\",\"itemListElement\":[{\"@type\":\"ListItem\",\"position\":1,\"name\":\"Home\",\"item\":\"https:\\\/\\\/theinnovationexchange.ie\\\/\"},{\"@type\":\"ListItem\",\"position\":2,\"name\":\"Design Thinking Webinar April 9th\"}]},{\"@type\":\"WebSite\",\"@id\":\"https:\\\/\\\/theinnovationexchange.ie\\\/#website\",\"url\":\"https:\\\/\\\/theinnovationexchange.ie\\\/\",\"name\":\"The Innovation Exchange\",\"description\":\"Just another WordPress site\",\"publisher\":{\"@id\":\"https:\\\/\\\/theinnovationexchange.ie\\\/#organization\"},\"potentialAction\":[{\"@type\":\"SearchAction\",\"target\":{\"@type\":\"EntryPoint\",\"urlTemplate\":\"https:\\\/\\\/theinnovationexchange.ie\\\/?s={search_term_string}\"},\"query-input\":{\"@type\":\"PropertyValueSpecification\",\"valueRequired\":true,\"valueName\":\"search_term_string\"}}],\"inLanguage\":\"ga\"},{\"@type\":\"Organization\",\"@id\":\"https:\\\/\\\/theinnovationexchange.ie\\\/#organization\",\"name\":\"The Innovation Exchange\",\"url\":\"https:\\\/\\\/theinnovationexchange.ie\\\/\",\"logo\":{\"@type\":\"ImageObject\",\"inLanguage\":\"ga\",\"@id\":\"https:\\\/\\\/theinnovationexchange.ie\\\/#\\\/schema\\\/logo\\\/image\\\/\",\"url\":\"https:\\\/\\\/theinnovationexchange.ie\\\/wp-content\\\/uploads\\\/2024\\\/01\\\/SIE-RGB-LOGO_FOR-USE-ON-LIGHT-BACKGROUND_JAN-2024-1.svg\",\"contentUrl\":\"https:\\\/\\\/theinnovationexchange.ie\\\/wp-content\\\/uploads\\\/2024\\\/01\\\/SIE-RGB-LOGO_FOR-USE-ON-LIGHT-BACKGROUND_JAN-2024-1.svg\",\"width\":1920,\"height\":830,\"caption\":\"The Innovation Exchange\"},\"image\":{\"@id\":\"https:\\\/\\\/theinnovationexchange.ie\\\/#\\\/schema\\\/logo\\\/image\\\/\"}},{\"@type\":\"Person\",\"@id\":\"https:\\\/\\\/theinnovationexchange.ie\\\/#\\\/schema\\\/person\\\/defa33c5c76395238a45f5f0fcf6041c\",\"name\":\"Anne\",\"image\":{\"@type\":\"ImageObject\",\"inLanguage\":\"ga\",\"@id\":\"https:\\\/\\\/secure.gravatar.com\\\/avatar\\\/b61752be7f58ff97ee90c5b71077ef36a561cd352afc4043c33d4e2d7902f751?s=96&d=mm&r=g\",\"url\":\"https:\\\/\\\/secure.gravatar.com\\\/avatar\\\/b61752be7f58ff97ee90c5b71077ef36a561cd352afc4043c33d4e2d7902f751?s=96&d=mm&r=g\",\"contentUrl\":\"https:\\\/\\\/secure.gravatar.com\\\/avatar\\\/b61752be7f58ff97ee90c5b71077ef36a561cd352afc4043c33d4e2d7902f751?s=96&d=mm&r=g\",\"caption\":\"Anne\"},\"url\":\"https:\\\/\\\/theinnovationexchange.ie\\\/ga\\\/author\\\/anneinnovationexchange-ie\\\/\"}]}<\/script>\n<!-- \/ Yoast SEO plugin. -->","yoast_head_json":{"title":"Design Thinking Webinar April 9th - The Innovation Exchange","robots":{"index":"index","follow":"follow","max-snippet":"max-snippet:-1","max-image-preview":"max-image-preview:large","max-video-preview":"max-video-preview:-1"},"canonical":"https:\/\/theinnovationexchange.ie\/ga\/design-thinking-webinar-april-9th\/","og_locale":"en_US","og_type":"article","og_title":"Design Thinking Webinar April 9th - The Innovation Exchange","og_description":"In today\u2019s fast-moving market, small businesses need smart, customer-focused innovation to stay ahead. Join us for Design Thinking for SMEs \u2013 Agile Innovation for Small Businesses. During this session led by Maria Cosgrove on behalf of Skillnet Innovation Exchange, we\u2019ll explore:&nbsp; Who should attend?&nbsp; This session is perfect for SME owners\/managers, startup founders and SME teams looking for cost-effective, rapid innovation strategies. Don\u2019t miss out!&nbsp; Not a member? Register here.\u00a0","og_url":"https:\/\/theinnovationexchange.ie\/ga\/design-thinking-webinar-april-9th\/","og_site_name":"The Innovation Exchange","article_published_time":"2025-03-28T13:07:31+00:00","article_modified_time":"2025-03-28T13:07:33+00:00","og_image":[{"width":1200,"height":627,"url":"https:\/\/theinnovationexchange.ie\/wp-content\/uploads\/2025\/03\/SIE-Design-Thinking-Webinar-LinkedIn-1200x630px-March-2025.jpg","type":"image\/jpeg"}],"author":"Anne","twitter_card":"summary_large_image","twitter_misc":{"Written by":"Anne","Est. reading time":"1 minute"},"schema":{"@context":"https:\/\/schema.org","@graph":[{"@type":"Article","@id":"https:\/\/theinnovationexchange.ie\/design-thinking-webinar-april-9th\/#article","isPartOf":{"@id":"https:\/\/theinnovationexchange.ie\/design-thinking-webinar-april-9th\/"},"author":{"name":"Anne","@id":"https:\/\/theinnovationexchange.ie\/#\/schema\/person\/defa33c5c76395238a45f5f0fcf6041c"},"headline":"Design Thinking Webinar April 9th","datePublished":"2025-03-28T13:07:31+00:00","dateModified":"2025-03-28T13:07:33+00:00","mainEntityOfPage":{"@id":"https:\/\/theinnovationexchange.ie\/design-thinking-webinar-april-9th\/"},"wordCount":136,"publisher":{"@id":"https:\/\/theinnovationexchange.ie\/#organization"},"image":{"@id":"https:\/\/theinnovationexchange.ie\/design-thinking-webinar-april-9th\/#primaryimage"},"thumbnailUrl":"https:\/\/theinnovationexchange.ie\/wp-content\/uploads\/2025\/03\/SIE-Design-Thinking-Webinar-LinkedIn-1200x630px-March-2025.jpg","keywords":["2025"],"articleSection":["News"],"inLanguage":"ga"},{"@type":"WebPage","@id":"https:\/\/theinnovationexchange.ie\/design-thinking-webinar-april-9th\/","url":"https:\/\/theinnovationexchange.ie\/design-thinking-webinar-april-9th\/","name":"Design Thinking Webinar April 9th - The Innovation Exchange","isPartOf":{"@id":"https:\/\/theinnovationexchange.ie\/#website"},"primaryImageOfPage":{"@id":"https:\/\/theinnovationexchange.ie\/design-thinking-webinar-april-9th\/#primaryimage"},"image":{"@id":"https:\/\/theinnovationexchange.ie\/design-thinking-webinar-april-9th\/#primaryimage"},"thumbnailUrl":"https:\/\/theinnovationexchange.ie\/wp-content\/uploads\/2025\/03\/SIE-Design-Thinking-Webinar-LinkedIn-1200x630px-March-2025.jpg","datePublished":"2025-03-28T13:07:31+00:00","dateModified":"2025-03-28T13:07:33+00:00","breadcrumb":{"@id":"https:\/\/theinnovationexchange.ie\/design-thinking-webinar-april-9th\/#breadcrumb"},"inLanguage":"ga","potentialAction":[{"@type":"ReadAction","target":["https:\/\/theinnovationexchange.ie\/design-thinking-webinar-april-9th\/"]}]},{"@type":"ImageObject","inLanguage":"ga","@id":"https:\/\/theinnovationexchange.ie\/design-thinking-webinar-april-9th\/#primaryimage","url":"https:\/\/theinnovationexchange.ie\/wp-content\/uploads\/2025\/03\/SIE-Design-Thinking-Webinar-LinkedIn-1200x630px-March-2025.jpg","contentUrl":"https:\/\/theinnovationexchange.ie\/wp-content\/uploads\/2025\/03\/SIE-Design-Thinking-Webinar-LinkedIn-1200x630px-March-2025.jpg","width":1200,"height":627},{"@type":"BreadcrumbList","@id":"https:\/\/theinnovationexchange.ie\/design-thinking-webinar-april-9th\/#breadcrumb","itemListElement":[{"@type":"ListItem","position":1,"name":"Home","item":"https:\/\/theinnovationexchange.ie\/"},{"@type":"ListItem","position":2,"name":"Design Thinking Webinar April 9th"}]},{"@type":"WebSite","@id":"https:\/\/theinnovationexchange.ie\/#website","url":"https:\/\/theinnovationexchange.ie\/","name":"An Malart\u00e1n Nu\u00e1la\u00edochta","description":"N\u00edl ann ach su\u00edomh WordPress eile.","publisher":{"@id":"https:\/\/theinnovationexchange.ie\/#organization"},"potentialAction":[{"@type":"SearchAction","target":{"@type":"EntryPoint","urlTemplate":"https:\/\/theinnovationexchange.ie\/?s={search_term_string}"},"query-input":{"@type":"PropertyValueSpecification","valueRequired":true,"valueName":"search_term_string"}}],"inLanguage":"ga"},{"@type":"Organization","@id":"https:\/\/theinnovationexchange.ie\/#organization","name":"An Malart\u00e1n Nu\u00e1la\u00edochta","url":"https:\/\/theinnovationexchange.ie\/","logo":{"@type":"ImageObject","inLanguage":"ga","@id":"https:\/\/theinnovationexchange.ie\/#\/schema\/logo\/image\/","url":"https:\/\/theinnovationexchange.ie\/wp-content\/uploads\/2024\/01\/SIE-RGB-LOGO_FOR-USE-ON-LIGHT-BACKGROUND_JAN-2024-1.svg","contentUrl":"https:\/\/theinnovationexchange.ie\/wp-content\/uploads\/2024\/01\/SIE-RGB-LOGO_FOR-USE-ON-LIGHT-BACKGROUND_JAN-2024-1.svg","width":1920,"height":830,"caption":"The Innovation Exchange"},"image":{"@id":"https:\/\/theinnovationexchange.ie\/#\/schema\/logo\/image\/"}},{"@type":"Person","@id":"https:\/\/theinnovationexchange.ie\/#\/schema\/person\/defa33c5c76395238a45f5f0fcf6041c","name":"Ann\u00e1","image":{"@type":"ImageObject","inLanguage":"ga","@id":"https:\/\/secure.gravatar.com\/avatar\/b61752be7f58ff97ee90c5b71077ef36a561cd352afc4043c33d4e2d7902f751?s=96&d=mm&r=g","url":"https:\/\/secure.gravatar.com\/avatar\/b61752be7f58ff97ee90c5b71077ef36a561cd352afc4043c33d4e2d7902f751?s=96&d=mm&r=g","contentUrl":"https:\/\/secure.gravatar.com\/avatar\/b61752be7f58ff97ee90c5b71077ef36a561cd352afc4043c33d4e2d7902f751?s=96&d=mm&r=g","caption":"Anne"},"url":"https:\/\/theinnovationexchange.ie\/ga\/author\/anneinnovationexchange-ie\/"}]}},"_links":{"self":[{"href":"https:\/\/theinnovationexchange.ie\/ga\/wp-json\/wp\/v2\/posts\/13877","targetHints":{"allow":["GET"]}}],"collection":[{"href":"https:\/\/theinnovationexchange.ie\/ga\/wp-json\/wp\/v2\/posts"}],"about":[{"href":"https:\/\/theinnovationexchange.ie\/ga\/wp-json\/wp\/v2\/types\/post"}],"author":[{"embeddable":true,"href":"https:\/\/theinnovationexchange.ie\/ga\/wp-json\/wp\/v2\/users\/984"}],"replies":[{"embeddable":true,"href":"https:\/\/theinnovationexchange.ie\/ga\/wp-json\/wp\/v2\/comments?post=13877"}],"version-history":[{"count":1,"href":"https:\/\/theinnovationexchange.ie\/ga\/wp-json\/wp\/v2\/posts\/13877\/revisions"}],"predecessor-version":[{"id":13878,"href":"https:\/\/theinnovationexchange.ie\/ga\/wp-json\/wp\/v2\/posts\/13877\/revisions\/13878"}],"wp:featuredmedia":[{"embeddable":true,"href":"https:\/\/theinnovationexchange.ie\/ga\/wp-json\/wp\/v2\/media\/13879"}],"wp:attachment":[{"href":"https:\/\/theinnovationexchange.ie\/ga\/wp-json\/wp\/v2\/media?parent=13877"}],"wp:term":[{"taxonomy":"category","embeddable":true,"href":"https:\/\/theinnovationexchange.ie\/ga\/wp-json\/wp\/v2\/categories?post=13877"},{"taxonomy":"post_tag","embeddable":true,"href":"https:\/\/theinnovationexchange.ie\/ga\/wp-json\/wp\/v2\/tags?post=13877"}],"curies":[{"name":"uill","href":"https:\/\/api.w.org\/{rel}","templated":true}]}}