{"id":14200,"date":"2025-05-15T16:27:00","date_gmt":"2025-05-15T15:27:00","guid":{"rendered":"https:\/\/theinnovationexchange.ie\/?p=14200"},"modified":"2025-05-19T16:32:44","modified_gmt":"2025-05-19T15:32:44","slug":"techfest-2025-tech-ai-humanity","status":"publish","type":"post","link":"https:\/\/theinnovationexchange.ie\/ga\/techfest-2025-tech-ai-humanity\/","title":{"rendered":"TechFest 2025 \u2013 Teicneola\u00edocht, IS &amp; an Daonnacht"},"content":{"rendered":"<figure class=\"wp-block-image size-large is-style-default\"><img fetchpriority=\"high\" decoding=\"async\" width=\"1024\" height=\"768\" src=\"https:\/\/theinnovationexchange.ie\/wp-content\/uploads\/2025\/05\/Techfest6-1024x768.jpg\" alt=\"\" class=\"wp-image-14202\" style=\"aspect-ratio:16\/9;object-fit:cover\" srcset=\"https:\/\/theinnovationexchange.ie\/wp-content\/uploads\/2025\/05\/Techfest6-1024x768.jpg 1024w, https:\/\/theinnovationexchange.ie\/wp-content\/uploads\/2025\/05\/Techfest6-300x225.jpg 300w, https:\/\/theinnovationexchange.ie\/wp-content\/uploads\/2025\/05\/Techfest6-768x576.jpg 768w, https:\/\/theinnovationexchange.ie\/wp-content\/uploads\/2025\/05\/Techfest6-1536x1152.jpg 1536w, https:\/\/theinnovationexchange.ie\/wp-content\/uploads\/2025\/05\/Techfest6.jpg 1920w\" sizes=\"(max-width: 1024px) 100vw, 1024px\" \/><\/figure>\n\n\n\n<p class=\"wp-block-paragraph\">T\u00e1 TechFest 2025 \u2013 Teicneola\u00edocht, IS &amp; an Daonnacht: Ag M\u00fanl\u00fa \u00e1r dTodhcha\u00ed d\u00edreach thart, agus nach iontach an l\u00e1 a bh\u00ed ann!<\/p>\n\n\n\n<p class=\"wp-block-paragraph\">Bh\u00ed r\u00edm\u00e9ad orainn a bheith in\u00e1r n-urraitheoir\u00ed ar phr\u00edomhimeacht na bliana seo, a thug le ch\u00e9ile ceannair\u00ed teicneola\u00edochta agus gn\u00f3 \u00f3 ar fud an Iardheiscirt chun ini\u00fachadh a dh\u00e9anamh ar an gcaoi a bhfuil an nu\u00e1la\u00edocht ag athmh\u00fanl\u00fa \u00e1r ndomhan.<\/p>\n\n\n\n<p class=\"wp-block-paragraph\">Buaicphoint\u00ed an \u00d3r\u00e1id Mh\u00f3ir:<\/p>\n\n\n\n<p class=\"wp-block-paragraph\">Bh\u00ed r\u00edm\u00e9ad orainn f\u00e1ilte a chur roimh Cormac O&#x27;Sullivan, Pr\u00edomhoifigeach Teicneola\u00edochta Mbryonics, a thug seachad pr\u00edomh\u00f3r\u00e1id shuimi\u00fail ar:<\/p>\n\n\n\n<p class=\"wp-block-paragraph\">\u2013 Misean m\u00e9adaitheach na h\u00c9ireann sa sp\u00e1s<\/p>\n\n\n\n<p class=\"wp-block-paragraph\">\u2013 An r\u00e1s domhanda ar son na cumars\u00e1ide satail\u00edte forbartha<\/p>\n\n\n\n<p class=\"wp-block-paragraph\">\u2013 Conas at\u00e1 Mbryonics, at\u00e1 lonnaithe i nGaillimh, ar th\u00fas cadhna\u00edochta i gcumars\u00e1id opt\u00fail agus i dteicneola\u00edocht sp\u00e1is<\/p>\n\n\n\n<p class=\"wp-block-paragraph\">Bh\u00ed s\u00e9 d&#x27;on\u00f3ir d\u00fainn freisin \u00e9isteacht leis an Dr. Hannah Critchlow, n\u00e9areola\u00ed, craolt\u00f3ir agus \u00fadar a bhfuil c\u00e1il dhomhanda uirthi, a rinne c\u00edoradh ar na ceangail dhomhaine idir an n\u00e9areola\u00edocht, an Intleacht Shaorga, agus todhcha\u00ed an chine dhaonna.<\/p>\n\n\n\n<p class=\"wp-block-paragraph\">Bh\u00ed an l\u00e1 l\u00e1n go b\u00e9al le pain\u00e9il agus d\u00edosp\u00f3ireachta\u00ed a spreag machnamh, a chl\u00fadaigh:<\/p>\n\n\n\n<p class=\"wp-block-paragraph\">\u2013 IS &amp; an Daonnacht \u2013 Conas at\u00e1 an Intleacht Shaorga ag athmh\u00fanl\u00fa an tsocha\u00ed<\/p>\n\n\n\n<p class=\"wp-block-paragraph\">\u2013 Todhcha\u00ed an Bhuanna Teicneola\u00edochta \u2013 C\u00e9 na scileanna a shainfidh lucht oibre an lae am\u00e1rach<\/p>\n\n\n\n<p class=\"wp-block-paragraph\">\u2013 An Sp\u00e1s &amp; Todhcha\u00ed an Chine Daonna \u2013 Nu\u00e1la\u00edocht ag an teorainn ch\u00e9adfach<\/p>\n\n\n\n<p class=\"wp-block-paragraph\">\u2013 Nu\u00e1laithe Teicneola\u00edochta san Iardheisceart \u2013 Taispe\u00e1ntas de chuideachta\u00ed at\u00e1 ag tiom\u00e1int an chlaochlaithe<\/p>\n\n\n\n<p class=\"wp-block-paragraph\">\u2013 Deiseanna l\u00edonraithe le pobal spreag\u00fail de ghairmithe teicneola\u00edochta agus de lucht athraithe<\/p>\n\n\n\n<p class=\"wp-block-paragraph\">Gabhaimid bu\u00edochas leis na cainteoir\u00ed, na freastalaithe agus na heagraithe go l\u00e9ir a chabhraigh le rath ollmh\u00f3r a bhaint amach ar TechFest 2025!<\/p>","protected":false},"excerpt":{"rendered":"<p>TechFest 2025 \u2013 Tech, AI &amp; Humanity: Shaping Our Future&nbsp;has just wrapped up&nbsp;and what an incredible day it\u2019s been! We were delighted to be a sponsor of this year\u2019s flagship event, which brought together tech and business leaders from across the South West to explore how innovation is reshaping our world. Keynote Highlights: We were thrilled to welcome&nbsp;Cormac O\u2019Sullivan, CTO of&nbsp;Mbryonics, who delivered a fascinating keynote on: &#8211; Ireland\u2019s expanding mission in space &#8211; The global race for advanced satellite communications &#8211; How Galway-based Mbryonics is leading the way in optical communications and space tech We were also honoured to hear from\u00a0Dr. Hannah Critchlow, internationally renowned neuroscientist, broadcaster\u00a0and author, who explored the profound connections between neuroscience, AI, and the future of humanity. The day was packed with thought-provoking panels and discussions, covering: &#8211; AI &amp; Humanity \u2013 How artificial intelligence is reshaping society &#8211; The Future of Tech Talent \u2013 What skills will define tomorrow\u2019s workforce &#8211; Space &amp; the Future of Humanity \u2013 Innovation at the next frontier &#8211; Tech Innovators in the South West \u2013 A showcase of companies driving transformation &#8211; Networking opportunities with an inspiring community of tech professionals and changemakers Thank you to all the speakers, attendees, and organisers who made TechFest 2025 a huge success!<\/p>","protected":false},"author":984,"featured_media":14203,"comment_status":"closed","ping_status":"closed","sticky":false,"template":"","format":"standard","meta":{"_acf_changed":false,"content-type":"","inline_featured_image":false,"footnotes":""},"categories":[1],"tags":[],"class_list":["post-14200","post","type-post","status-publish","format-standard","has-post-thumbnail","hentry","category-news","category-1","description-off"],"acf":[],"yoast_head":"<!-- This site is optimized with the Yoast SEO plugin v28.0 - https:\/\/yoast.com\/product\/yoast-seo-wordpress\/ -->\n<title>TechFest 2025 \u2013 Tech, AI &amp; Humanity - The Innovation Exchange<\/title>\n<meta name=\"robots\" content=\"index, follow, max-snippet:-1, max-image-preview:large, max-video-preview:-1\" \/>\n<link rel=\"canonical\" href=\"https:\/\/theinnovationexchange.ie\/ga\/techfest-2025-tech-ai-humanity\/\" \/>\n<meta property=\"og:locale\" content=\"en_US\" \/>\n<meta property=\"og:type\" content=\"article\" \/>\n<meta property=\"og:title\" content=\"TechFest 2025 \u2013 Tech, AI &amp; Humanity - The Innovation Exchange\" \/>\n<meta property=\"og:description\" content=\"TechFest 2025 \u2013 Tech, AI &amp; Humanity: Shaping Our Future&nbsp;has just wrapped up&nbsp;and what an incredible day it\u2019s been! We were delighted to be a sponsor of this year\u2019s flagship event, which brought together tech and business leaders from across the South West to explore how innovation is reshaping our world. Keynote Highlights: We were thrilled to welcome&nbsp;Cormac O\u2019Sullivan, CTO of&nbsp;Mbryonics, who delivered a fascinating keynote on: &#8211; Ireland\u2019s expanding mission in space &#8211; The global race for advanced satellite communications &#8211; How Galway-based Mbryonics is leading the way in optical communications and space tech We were also honoured to hear from\u00a0Dr. Hannah Critchlow, internationally renowned neuroscientist, broadcaster\u00a0and author, who explored the profound connections between neuroscience, AI, and the future of humanity. The day was packed with thought-provoking panels and discussions, covering: &#8211; AI &amp; Humanity \u2013 How artificial intelligence is reshaping society &#8211; The Future of Tech Talent \u2013 What skills will define tomorrow\u2019s workforce &#8211; Space &amp; the Future of Humanity \u2013 Innovation at the next frontier &#8211; Tech Innovators in the South West \u2013 A showcase of companies driving transformation &#8211; Networking opportunities with an inspiring community of tech professionals and changemakers Thank you to all the speakers, attendees, and organisers who made TechFest 2025 a huge success!\" \/>\n<meta property=\"og:url\" content=\"https:\/\/theinnovationexchange.ie\/ga\/techfest-2025-tech-ai-humanity\/\" \/>\n<meta property=\"og:site_name\" content=\"The Innovation Exchange\" \/>\n<meta property=\"article:published_time\" content=\"2025-05-15T15:27:00+00:00\" \/>\n<meta property=\"article:modified_time\" content=\"2025-05-19T15:32:44+00:00\" \/>\n<meta property=\"og:image\" content=\"https:\/\/theinnovationexchange.ie\/wp-content\/uploads\/2025\/05\/TechFest1-e1747668420265.jpg\" \/>\n\t<meta property=\"og:image:width\" content=\"1920\" \/>\n\t<meta property=\"og:image:height\" content=\"1082\" \/>\n\t<meta property=\"og:image:type\" content=\"image\/jpeg\" \/>\n<meta name=\"author\" content=\"Anne\" \/>\n<meta name=\"twitter:card\" content=\"summary_large_image\" \/>\n<meta name=\"twitter:label1\" content=\"Written by\" \/>\n\t<meta name=\"twitter:data1\" content=\"Anne\" \/>\n\t<meta name=\"twitter:label2\" content=\"Est. reading time\" \/>\n\t<meta name=\"twitter:data2\" content=\"2 minutes\" \/>\n<script type=\"application\/ld+json\" class=\"yoast-schema-graph\">{\"@context\":\"https:\\\/\\\/schema.org\",\"@graph\":[{\"@type\":\"Article\",\"@id\":\"https:\\\/\\\/theinnovationexchange.ie\\\/techfest-2025-tech-ai-humanity\\\/#article\",\"isPartOf\":{\"@id\":\"https:\\\/\\\/theinnovationexchange.ie\\\/techfest-2025-tech-ai-humanity\\\/\"},\"author\":{\"name\":\"Anne\",\"@id\":\"https:\\\/\\\/theinnovationexchange.ie\\\/#\\\/schema\\\/person\\\/defa33c5c76395238a45f5f0fcf6041c\"},\"headline\":\"TechFest 2025 \u2013 Tech, AI &amp; Humanity\",\"datePublished\":\"2025-05-15T15:27:00+00:00\",\"dateModified\":\"2025-05-19T15:32:44+00:00\",\"mainEntityOfPage\":{\"@id\":\"https:\\\/\\\/theinnovationexchange.ie\\\/techfest-2025-tech-ai-humanity\\\/\"},\"wordCount\":224,\"publisher\":{\"@id\":\"https:\\\/\\\/theinnovationexchange.ie\\\/#organization\"},\"image\":{\"@id\":\"https:\\\/\\\/theinnovationexchange.ie\\\/techfest-2025-tech-ai-humanity\\\/#primaryimage\"},\"thumbnailUrl\":\"https:\\\/\\\/theinnovationexchange.ie\\\/wp-content\\\/uploads\\\/2025\\\/05\\\/TechFest1-e1747668420265.jpg\",\"articleSection\":[\"News\"],\"inLanguage\":\"ga\"},{\"@type\":\"WebPage\",\"@id\":\"https:\\\/\\\/theinnovationexchange.ie\\\/techfest-2025-tech-ai-humanity\\\/\",\"url\":\"https:\\\/\\\/theinnovationexchange.ie\\\/techfest-2025-tech-ai-humanity\\\/\",\"name\":\"TechFest 2025 \u2013 Tech, AI &amp; Humanity - The Innovation Exchange\",\"isPartOf\":{\"@id\":\"https:\\\/\\\/theinnovationexchange.ie\\\/#website\"},\"primaryImageOfPage\":{\"@id\":\"https:\\\/\\\/theinnovationexchange.ie\\\/techfest-2025-tech-ai-humanity\\\/#primaryimage\"},\"image\":{\"@id\":\"https:\\\/\\\/theinnovationexchange.ie\\\/techfest-2025-tech-ai-humanity\\\/#primaryimage\"},\"thumbnailUrl\":\"https:\\\/\\\/theinnovationexchange.ie\\\/wp-content\\\/uploads\\\/2025\\\/05\\\/TechFest1-e1747668420265.jpg\",\"datePublished\":\"2025-05-15T15:27:00+00:00\",\"dateModified\":\"2025-05-19T15:32:44+00:00\",\"breadcrumb\":{\"@id\":\"https:\\\/\\\/theinnovationexchange.ie\\\/techfest-2025-tech-ai-humanity\\\/#breadcrumb\"},\"inLanguage\":\"ga\",\"potentialAction\":[{\"@type\":\"ReadAction\",\"target\":[\"https:\\\/\\\/theinnovationexchange.ie\\\/techfest-2025-tech-ai-humanity\\\/\"]}]},{\"@type\":\"ImageObject\",\"inLanguage\":\"ga\",\"@id\":\"https:\\\/\\\/theinnovationexchange.ie\\\/techfest-2025-tech-ai-humanity\\\/#primaryimage\",\"url\":\"https:\\\/\\\/theinnovationexchange.ie\\\/wp-content\\\/uploads\\\/2025\\\/05\\\/TechFest1-e1747668420265.jpg\",\"contentUrl\":\"https:\\\/\\\/theinnovationexchange.ie\\\/wp-content\\\/uploads\\\/2025\\\/05\\\/TechFest1-e1747668420265.jpg\",\"width\":1920,\"height\":1082},{\"@type\":\"BreadcrumbList\",\"@id\":\"https:\\\/\\\/theinnovationexchange.ie\\\/techfest-2025-tech-ai-humanity\\\/#breadcrumb\",\"itemListElement\":[{\"@type\":\"ListItem\",\"position\":1,\"name\":\"Home\",\"item\":\"https:\\\/\\\/theinnovationexchange.ie\\\/\"},{\"@type\":\"ListItem\",\"position\":2,\"name\":\"TechFest 2025 \u2013 Tech, AI &amp; Humanity\"}]},{\"@type\":\"WebSite\",\"@id\":\"https:\\\/\\\/theinnovationexchange.ie\\\/#website\",\"url\":\"https:\\\/\\\/theinnovationexchange.ie\\\/\",\"name\":\"The Innovation Exchange\",\"description\":\"Just another WordPress site\",\"publisher\":{\"@id\":\"https:\\\/\\\/theinnovationexchange.ie\\\/#organization\"},\"potentialAction\":[{\"@type\":\"SearchAction\",\"target\":{\"@type\":\"EntryPoint\",\"urlTemplate\":\"https:\\\/\\\/theinnovationexchange.ie\\\/?s={search_term_string}\"},\"query-input\":{\"@type\":\"PropertyValueSpecification\",\"valueRequired\":true,\"valueName\":\"search_term_string\"}}],\"inLanguage\":\"ga\"},{\"@type\":\"Organization\",\"@id\":\"https:\\\/\\\/theinnovationexchange.ie\\\/#organization\",\"name\":\"The Innovation Exchange\",\"url\":\"https:\\\/\\\/theinnovationexchange.ie\\\/\",\"logo\":{\"@type\":\"ImageObject\",\"inLanguage\":\"ga\",\"@id\":\"https:\\\/\\\/theinnovationexchange.ie\\\/#\\\/schema\\\/logo\\\/image\\\/\",\"url\":\"https:\\\/\\\/theinnovationexchange.ie\\\/wp-content\\\/uploads\\\/2024\\\/01\\\/SIE-RGB-LOGO_FOR-USE-ON-LIGHT-BACKGROUND_JAN-2024-1.svg\",\"contentUrl\":\"https:\\\/\\\/theinnovationexchange.ie\\\/wp-content\\\/uploads\\\/2024\\\/01\\\/SIE-RGB-LOGO_FOR-USE-ON-LIGHT-BACKGROUND_JAN-2024-1.svg\",\"width\":1920,\"height\":830,\"caption\":\"The Innovation Exchange\"},\"image\":{\"@id\":\"https:\\\/\\\/theinnovationexchange.ie\\\/#\\\/schema\\\/logo\\\/image\\\/\"}},{\"@type\":\"Person\",\"@id\":\"https:\\\/\\\/theinnovationexchange.ie\\\/#\\\/schema\\\/person\\\/defa33c5c76395238a45f5f0fcf6041c\",\"name\":\"Anne\",\"image\":{\"@type\":\"ImageObject\",\"inLanguage\":\"ga\",\"@id\":\"https:\\\/\\\/secure.gravatar.com\\\/avatar\\\/b61752be7f58ff97ee90c5b71077ef36a561cd352afc4043c33d4e2d7902f751?s=96&d=mm&r=g\",\"url\":\"https:\\\/\\\/secure.gravatar.com\\\/avatar\\\/b61752be7f58ff97ee90c5b71077ef36a561cd352afc4043c33d4e2d7902f751?s=96&d=mm&r=g\",\"contentUrl\":\"https:\\\/\\\/secure.gravatar.com\\\/avatar\\\/b61752be7f58ff97ee90c5b71077ef36a561cd352afc4043c33d4e2d7902f751?s=96&d=mm&r=g\",\"caption\":\"Anne\"},\"url\":\"https:\\\/\\\/theinnovationexchange.ie\\\/ga\\\/author\\\/anneinnovationexchange-ie\\\/\"}]}<\/script>\n<!-- \/ Yoast SEO plugin. -->","yoast_head_json":{"title":"TechFest 2025 \u2013 Tech, AI &amp; Humanity - The Innovation Exchange","robots":{"index":"index","follow":"follow","max-snippet":"max-snippet:-1","max-image-preview":"max-image-preview:large","max-video-preview":"max-video-preview:-1"},"canonical":"https:\/\/theinnovationexchange.ie\/ga\/techfest-2025-tech-ai-humanity\/","og_locale":"en_US","og_type":"article","og_title":"TechFest 2025 \u2013 Tech, AI &amp; Humanity - The Innovation Exchange","og_description":"TechFest 2025 \u2013 Tech, AI &amp; Humanity: Shaping Our Future&nbsp;has just wrapped up&nbsp;and what an incredible day it\u2019s been! We were delighted to be a sponsor of this year\u2019s flagship event, which brought together tech and business leaders from across the South West to explore how innovation is reshaping our world. Keynote Highlights: We were thrilled to welcome&nbsp;Cormac O\u2019Sullivan, CTO of&nbsp;Mbryonics, who delivered a fascinating keynote on: &#8211; Ireland\u2019s expanding mission in space &#8211; The global race for advanced satellite communications &#8211; How Galway-based Mbryonics is leading the way in optical communications and space tech We were also honoured to hear from\u00a0Dr. Hannah Critchlow, internationally renowned neuroscientist, broadcaster\u00a0and author, who explored the profound connections between neuroscience, AI, and the future of humanity. The day was packed with thought-provoking panels and discussions, covering: &#8211; AI &amp; Humanity \u2013 How artificial intelligence is reshaping society &#8211; The Future of Tech Talent \u2013 What skills will define tomorrow\u2019s workforce &#8211; Space &amp; the Future of Humanity \u2013 Innovation at the next frontier &#8211; Tech Innovators in the South West \u2013 A showcase of companies driving transformation &#8211; Networking opportunities with an inspiring community of tech professionals and changemakers Thank you to all the speakers, attendees, and organisers who made TechFest 2025 a huge success!","og_url":"https:\/\/theinnovationexchange.ie\/ga\/techfest-2025-tech-ai-humanity\/","og_site_name":"The Innovation Exchange","article_published_time":"2025-05-15T15:27:00+00:00","article_modified_time":"2025-05-19T15:32:44+00:00","og_image":[{"width":1920,"height":1082,"url":"https:\/\/theinnovationexchange.ie\/wp-content\/uploads\/2025\/05\/TechFest1-e1747668420265.jpg","type":"image\/jpeg"}],"author":"Anne","twitter_card":"summary_large_image","twitter_misc":{"Written by":"Anne","Est. reading time":"2 minutes"},"schema":{"@context":"https:\/\/schema.org","@graph":[{"@type":"Article","@id":"https:\/\/theinnovationexchange.ie\/techfest-2025-tech-ai-humanity\/#article","isPartOf":{"@id":"https:\/\/theinnovationexchange.ie\/techfest-2025-tech-ai-humanity\/"},"author":{"name":"Anne","@id":"https:\/\/theinnovationexchange.ie\/#\/schema\/person\/defa33c5c76395238a45f5f0fcf6041c"},"headline":"TechFest 2025 \u2013 Tech, AI &amp; Humanity","datePublished":"2025-05-15T15:27:00+00:00","dateModified":"2025-05-19T15:32:44+00:00","mainEntityOfPage":{"@id":"https:\/\/theinnovationexchange.ie\/techfest-2025-tech-ai-humanity\/"},"wordCount":224,"publisher":{"@id":"https:\/\/theinnovationexchange.ie\/#organization"},"image":{"@id":"https:\/\/theinnovationexchange.ie\/techfest-2025-tech-ai-humanity\/#primaryimage"},"thumbnailUrl":"https:\/\/theinnovationexchange.ie\/wp-content\/uploads\/2025\/05\/TechFest1-e1747668420265.jpg","articleSection":["News"],"inLanguage":"ga"},{"@type":"WebPage","@id":"https:\/\/theinnovationexchange.ie\/techfest-2025-tech-ai-humanity\/","url":"https:\/\/theinnovationexchange.ie\/techfest-2025-tech-ai-humanity\/","name":"TechFest 2025 \u2013 Tech, AI &amp; Humanity - The Innovation Exchange","isPartOf":{"@id":"https:\/\/theinnovationexchange.ie\/#website"},"primaryImageOfPage":{"@id":"https:\/\/theinnovationexchange.ie\/techfest-2025-tech-ai-humanity\/#primaryimage"},"image":{"@id":"https:\/\/theinnovationexchange.ie\/techfest-2025-tech-ai-humanity\/#primaryimage"},"thumbnailUrl":"https:\/\/theinnovationexchange.ie\/wp-content\/uploads\/2025\/05\/TechFest1-e1747668420265.jpg","datePublished":"2025-05-15T15:27:00+00:00","dateModified":"2025-05-19T15:32:44+00:00","breadcrumb":{"@id":"https:\/\/theinnovationexchange.ie\/techfest-2025-tech-ai-humanity\/#breadcrumb"},"inLanguage":"ga","potentialAction":[{"@type":"ReadAction","target":["https:\/\/theinnovationexchange.ie\/techfest-2025-tech-ai-humanity\/"]}]},{"@type":"ImageObject","inLanguage":"ga","@id":"https:\/\/theinnovationexchange.ie\/techfest-2025-tech-ai-humanity\/#primaryimage","url":"https:\/\/theinnovationexchange.ie\/wp-content\/uploads\/2025\/05\/TechFest1-e1747668420265.jpg","contentUrl":"https:\/\/theinnovationexchange.ie\/wp-content\/uploads\/2025\/05\/TechFest1-e1747668420265.jpg","width":1920,"height":1082},{"@type":"BreadcrumbList","@id":"https:\/\/theinnovationexchange.ie\/techfest-2025-tech-ai-humanity\/#breadcrumb","itemListElement":[{"@type":"ListItem","position":1,"name":"Home","item":"https:\/\/theinnovationexchange.ie\/"},{"@type":"ListItem","position":2,"name":"TechFest 2025 \u2013 Tech, AI &amp; Humanity"}]},{"@type":"WebSite","@id":"https:\/\/theinnovationexchange.ie\/#website","url":"https:\/\/theinnovationexchange.ie\/","name":"An Malart\u00e1n Nu\u00e1la\u00edochta","description":"N\u00edl ann ach su\u00edomh WordPress eile.","publisher":{"@id":"https:\/\/theinnovationexchange.ie\/#organization"},"potentialAction":[{"@type":"SearchAction","target":{"@type":"EntryPoint","urlTemplate":"https:\/\/theinnovationexchange.ie\/?s={search_term_string}"},"query-input":{"@type":"PropertyValueSpecification","valueRequired":true,"valueName":"search_term_string"}}],"inLanguage":"ga"},{"@type":"Organization","@id":"https:\/\/theinnovationexchange.ie\/#organization","name":"An Malart\u00e1n Nu\u00e1la\u00edochta","url":"https:\/\/theinnovationexchange.ie\/","logo":{"@type":"ImageObject","inLanguage":"ga","@id":"https:\/\/theinnovationexchange.ie\/#\/schema\/logo\/image\/","url":"https:\/\/theinnovationexchange.ie\/wp-content\/uploads\/2024\/01\/SIE-RGB-LOGO_FOR-USE-ON-LIGHT-BACKGROUND_JAN-2024-1.svg","contentUrl":"https:\/\/theinnovationexchange.ie\/wp-content\/uploads\/2024\/01\/SIE-RGB-LOGO_FOR-USE-ON-LIGHT-BACKGROUND_JAN-2024-1.svg","width":1920,"height":830,"caption":"The Innovation Exchange"},"image":{"@id":"https:\/\/theinnovationexchange.ie\/#\/schema\/logo\/image\/"}},{"@type":"Person","@id":"https:\/\/theinnovationexchange.ie\/#\/schema\/person\/defa33c5c76395238a45f5f0fcf6041c","name":"Ann\u00e1","image":{"@type":"ImageObject","inLanguage":"ga","@id":"https:\/\/secure.gravatar.com\/avatar\/b61752be7f58ff97ee90c5b71077ef36a561cd352afc4043c33d4e2d7902f751?s=96&d=mm&r=g","url":"https:\/\/secure.gravatar.com\/avatar\/b61752be7f58ff97ee90c5b71077ef36a561cd352afc4043c33d4e2d7902f751?s=96&d=mm&r=g","contentUrl":"https:\/\/secure.gravatar.com\/avatar\/b61752be7f58ff97ee90c5b71077ef36a561cd352afc4043c33d4e2d7902f751?s=96&d=mm&r=g","caption":"Anne"},"url":"https:\/\/theinnovationexchange.ie\/ga\/author\/anneinnovationexchange-ie\/"}]}},"_links":{"self":[{"href":"https:\/\/theinnovationexchange.ie\/ga\/wp-json\/wp\/v2\/posts\/14200","targetHints":{"allow":["GET"]}}],"collection":[{"href":"https:\/\/theinnovationexchange.ie\/ga\/wp-json\/wp\/v2\/posts"}],"about":[{"href":"https:\/\/theinnovationexchange.ie\/ga\/wp-json\/wp\/v2\/types\/post"}],"author":[{"embeddable":true,"href":"https:\/\/theinnovationexchange.ie\/ga\/wp-json\/wp\/v2\/users\/984"}],"replies":[{"embeddable":true,"href":"https:\/\/theinnovationexchange.ie\/ga\/wp-json\/wp\/v2\/comments?post=14200"}],"version-history":[{"count":6,"href":"https:\/\/theinnovationexchange.ie\/ga\/wp-json\/wp\/v2\/posts\/14200\/revisions"}],"predecessor-version":[{"id":14211,"href":"https:\/\/theinnovationexchange.ie\/ga\/wp-json\/wp\/v2\/posts\/14200\/revisions\/14211"}],"wp:featuredmedia":[{"embeddable":true,"href":"https:\/\/theinnovationexchange.ie\/ga\/wp-json\/wp\/v2\/media\/14203"}],"wp:attachment":[{"href":"https:\/\/theinnovationexchange.ie\/ga\/wp-json\/wp\/v2\/media?parent=14200"}],"wp:term":[{"taxonomy":"category","embeddable":true,"href":"https:\/\/theinnovationexchange.ie\/ga\/wp-json\/wp\/v2\/categories?post=14200"},{"taxonomy":"post_tag","embeddable":true,"href":"https:\/\/theinnovationexchange.ie\/ga\/wp-json\/wp\/v2\/tags?post=14200"}],"curies":[{"name":"uill","href":"https:\/\/api.w.org\/{rel}","templated":true}]}}