{"id":7671,"date":"2023-09-11T09:01:56","date_gmt":"2023-09-11T08:01:56","guid":{"rendered":"https:\/\/theinnovationexchange.ie\/?p=7671"},"modified":"2024-05-17T21:33:49","modified_gmt":"2024-05-17T20:33:49","slug":"the-role-and-impact-of-collaboration-in-corporate-innovation-in-ireland-2023","status":"publish","type":"post","link":"https:\/\/theinnovationexchange.ie\/ga\/the-role-and-impact-of-collaboration-in-corporate-innovation-in-ireland-2023\/","title":{"rendered":"An r\u00f3l agus an tionchar a bhaineann leis an gcomhoibri\u00fa san nu\u00e1la\u00edocht chorpar\u00e1ideach in \u00c9irinn 2023"},"content":{"rendered":"<div data-elementor-type=\"wp-post\" data-elementor-id=\"7671\" class=\"elementor elementor-7671\" data-elementor-post-type=\"post\">\n\t\t\t\t\t\t<section class=\"elementor-section elementor-top-section elementor-element elementor-element-278b5301 elementor-section-full_width elementor-section-height-default elementor-section-height-default wpr-particle-no wpr-jarallax-no wpr-parallax-no wpr-sticky-section-no wpr-column-slider-no wpr-equal-height-no\" data-id=\"278b5301\" data-element_type=\"section\" data-e-type=\"section\">\n\t\t\t\t\t\t<div class=\"elementor-container elementor-column-gap-default\">\n\t\t\t\t\t<div class=\"elementor-column elementor-col-100 elementor-top-column elementor-element elementor-element-164a6db9\" data-id=\"164a6db9\" data-element_type=\"column\" data-e-type=\"column\" data-settings=\"{&quot;background_background&quot;:&quot;classic&quot;}\">\n\t\t\t<div class=\"elementor-widget-wrap elementor-element-populated\">\n\t\t\t\t\t\t<div class=\"elementor-element elementor-element-2f57ec69 elementor-widget elementor-widget-theme-post-featured-image elementor-widget-image\" data-id=\"2f57ec69\" data-element_type=\"widget\" data-e-type=\"widget\" data-widget_type=\"theme-post-featured-image.default\">\n\t\t\t\t<div class=\"elementor-widget-container\">\n\t\t\t\t\t\t\t\t\t\t\t\t\t\t\t<img fetchpriority=\"high\" decoding=\"async\" width=\"1024\" height=\"576\" src=\"https:\/\/theinnovationexchange.ie\/wp-content\/uploads\/2023\/09\/The-Innovation-Exchange-Report-Cover-1200x600_150-Res-e1718029237945-1024x576.jpg\" class=\"attachment-large size-large wp-image-7760\" alt=\"\" srcset=\"https:\/\/theinnovationexchange.ie\/wp-content\/uploads\/2023\/09\/The-Innovation-Exchange-Report-Cover-1200x600_150-Res-e1718029237945-1024x576.jpg 1024w, https:\/\/theinnovationexchange.ie\/wp-content\/uploads\/2023\/09\/The-Innovation-Exchange-Report-Cover-1200x600_150-Res-e1718029237945-300x169.jpg 300w, https:\/\/theinnovationexchange.ie\/wp-content\/uploads\/2023\/09\/The-Innovation-Exchange-Report-Cover-1200x600_150-Res-e1718029237945-768x432.jpg 768w, https:\/\/theinnovationexchange.ie\/wp-content\/uploads\/2023\/09\/The-Innovation-Exchange-Report-Cover-1200x600_150-Res-e1718029237945-1536x865.jpg 1536w, https:\/\/theinnovationexchange.ie\/wp-content\/uploads\/2023\/09\/The-Innovation-Exchange-Report-Cover-1200x600_150-Res-e1718029237945.jpg 1670w\" sizes=\"(max-width: 1024px) 100vw, 1024px\" \/>\t\t\t\t\t\t\t\t\t\t\t\t\t\t\t<\/div>\n\t\t\t\t<\/div>\n\t\t\t\t\t<\/div>\n\t\t<\/div>\n\t\t\t\t\t<\/div>\n\t\t<\/section>\n\t\t\t\t<section class=\"elementor-section elementor-top-section elementor-element elementor-element-50ddbaf4 elementor-section-boxed elementor-section-height-default elementor-section-height-default wpr-particle-no wpr-jarallax-no wpr-parallax-no wpr-sticky-section-no wpr-column-slider-no wpr-equal-height-no\" data-id=\"50ddbaf4\" data-element_type=\"section\" data-e-type=\"section\">\n\t\t\t\t\t\t<div class=\"elementor-container elementor-column-gap-default\">\n\t\t\t\t\t<div class=\"elementor-column elementor-col-100 elementor-top-column elementor-element elementor-element-19bbccb7\" data-id=\"19bbccb7\" data-element_type=\"column\" data-e-type=\"column\">\n\t\t\t<div class=\"elementor-widget-wrap elementor-element-populated\">\n\t\t\t\t\t\t<div class=\"elementor-element elementor-element-3bddd906 elementor-widget__width-initial elementor-widget elementor-widget-theme-post-title elementor-page-title elementor-widget-heading\" data-id=\"3bddd906\" data-element_type=\"widget\" data-e-type=\"widget\" data-widget_type=\"theme-post-title.default\">\n\t\t\t\t<div class=\"elementor-widget-container\">\n\t\t\t\t\t<h1 class=\"elementor-heading-title elementor-size-default\">An r\u00f3l agus an tionchar a bhaineann leis an gcomhoibri\u00fa san nu\u00e1la\u00edocht chorpar\u00e1ideach in \u00c9irinn 2023<\/h1>\t\t\t\t<\/div>\n\t\t\t\t<\/div>\n\t\t\t\t<div class=\"elementor-element elementor-element-78e64f1e elementor-align-left elementor-widget elementor-widget-post-info\" data-id=\"78e64f1e\" data-element_type=\"widget\" data-e-type=\"widget\" data-widget_type=\"post-info.default\">\n\t\t\t\t<div class=\"elementor-widget-container\">\n\t\t\t\t\t\t\t<ul class=\"elementor-inline-items elementor-icon-list-items elementor-post-info\">\n\t\t\t\t\t\t\t\t<li class=\"elementor-icon-list-item elementor-repeater-item-5b276ce elementor-inline-item\" itemprop=\"datePublished\">\n\t\t\t\t\t\t<a href=\"https:\/\/theinnovationexchange.ie\/ga\/2023\/09\/11\/\">\n\t\t\t\t\t\t\t\t\t\t\t\t\t\t<span class=\"elementor-icon-list-text elementor-post-info__item elementor-post-info__item--type-date\">\n\t\t\t\t\t\t\t\t\t\t<time>11 Me\u00e1n F\u00f3mhair, 2023<\/time>\t\t\t\t\t<\/span>\n\t\t\t\t\t\t\t\t\t<\/a>\n\t\t\t\t<\/li>\n\t\t\t\t<\/ul>\n\t\t\t\t\t\t<\/div>\n\t\t\t\t<\/div>\n\t\t\t\t\t<\/div>\n\t\t<\/div>\n\t\t\t\t\t<\/div>\n\t\t<\/section>\n\t\t\t\t<section class=\"elementor-section elementor-top-section elementor-element elementor-element-5f75326a elementor-section-boxed elementor-section-height-default elementor-section-height-default wpr-particle-no wpr-jarallax-no wpr-parallax-no wpr-sticky-section-no wpr-column-slider-no wpr-equal-height-no\" data-id=\"5f75326a\" data-element_type=\"section\" data-e-type=\"section\">\n\t\t\t\t\t\t<div class=\"elementor-container elementor-column-gap-default\">\n\t\t\t\t\t<div class=\"elementor-column elementor-col-66 elementor-top-column elementor-element elementor-element-368bd024\" data-id=\"368bd024\" data-element_type=\"column\" data-e-type=\"column\">\n\t\t\t<div class=\"elementor-widget-wrap elementor-element-populated\">\n\t\t\t\t\t\t<div class=\"elementor-element elementor-element-6f78ce4 elementor-widget elementor-widget-text-editor\" data-id=\"6f78ce4\" data-element_type=\"widget\" data-e-type=\"widget\" data-widget_type=\"text-editor.default\">\n\t\t\t\t<div class=\"elementor-widget-container\">\n\t\t\t\t\t\t\t\t\t<p>An tuarasc\u00e1il &quot;Ag Dul thar an Scoilt Nu\u00e1la\u00edochta&quot; p<span style=\"color: var( --e-global-color-a8ca00e ); font-family: var( --e-global-typography-text-font-family ), Sans-serif; font-size: var( --e-global-typography-text-font-size ); font-weight: var( --e-global-typography-text-font-weight ); letter-spacing: var(--the7-base-letter-spacing); text-transform: var(--the7-base-text-transform); word-spacing: normal;\">Cuireann s\u00e9 l\u00e9argais i l\u00e1thair maidir le t\u00e1bhacht agus feidhm\u00edocht na nu\u00e1la\u00edochta i ngn\u00f3lachta\u00ed na h\u00c9ireann.\u00a0<\/span><\/p><p>T\u00e1 \u00e9iceach\u00f3ras nu\u00e1la\u00edochta na h\u00c9ireann ag athr\u00fa chun nu\u00e1la\u00edocht oscailte a chumas\u00fa idir gn\u00f3lachta\u00ed de mh\u00e9ideanna \u00e9ags\u00fala agus ag c\u00e9imeanna \u00e9ags\u00fala forbartha. Is tionscnamh uath\u00fail in \u00c9irinn \u00e9 an Innovation Exchange a thugann le ch\u00e9ile gn\u00f3lachta\u00ed m\u00f3ra a bhfuil riachtanais nu\u00e1la\u00edochta acu agus gn\u00f3lachta\u00ed beaga agus gn\u00f3lachta\u00ed nuathionscanta a bhfuil r\u00e9itigh nu\u00e1lacha acu.<\/p>\t\t\t\t\t\t\t\t<\/div>\n\t\t\t\t<\/div>\n\t\t\t\t<div class=\"elementor-element elementor-element-4c65f81 elementor-align-center elementor-widget elementor-widget-button\" data-id=\"4c65f81\" data-element_type=\"widget\" data-e-type=\"widget\" data-widget_type=\"button.default\">\n\t\t\t\t<div class=\"elementor-widget-container\">\n\t\t\t\t\t\t\t\t\t<div class=\"elementor-button-wrapper\">\n\t\t\t\t\t<a class=\"elementor-button elementor-button-link elementor-size-xl\" href=\"https:\/\/theinnovationexchange.ie\/wp-content\/uploads\/2023\/09\/The-Innovation-Exchange-Bridging-the-Innovation-Divide-Report.pdf\">\n\t\t\t\t\t\t<span class=\"elementor-button-content-wrapper\">\n\t\t\t\t\t\t\t\t\t<span class=\"elementor-button-text\">\u00cdosl\u00f3d\u00e1il an tuarasc\u00e1il anseo<\/span>\n\t\t\t\t\t<\/span>\n\t\t\t\t\t<\/a>\n\t\t\t\t<\/div>\n\t\t\t\t\t\t\t\t<\/div>\n\t\t\t\t<\/div>\n\t\t\t\t<div class=\"elementor-element elementor-element-c66115c elementor-widget elementor-widget-text-editor\" data-id=\"c66115c\" data-element_type=\"widget\" data-e-type=\"widget\" data-widget_type=\"text-editor.default\">\n\t\t\t\t<div class=\"elementor-widget-container\">\n\t\t\t\t\t\t\t\t\t<p><span style=\"color: #1a2e3c;\">Ba cheart don taighde a achoimr\u00edodh sa tuarasc\u00e1il seo muid a spreagadh le bheith uaillmhianach chomh maith le bheith muin\u00edneach faoin acmhainneacht at\u00e1 ag baint le nu\u00e1la\u00edocht chomhoibr\u00edoch agus faoi dheonacht na gcomhlachta\u00ed m\u00f3ra \u00c9ireannacha agus na bhFBM \u00c9ireannacha at\u00e1 ag f\u00e1s oibri\u00fa le ch\u00e9ile chun an f\u00edoracmhainneacht is f\u00e9idir a bheith ag an nu\u00e1la\u00edocht i bhforbairt gn\u00f3 a dh\u00edghlas\u00e1il.\u00a0<\/span><\/p><p><span style=\"color: #1a2e3c;\">Le haghaidh tuilleadh sonra\u00ed n\u00f3 chun labhairt le ball de The Innovation Exchange, seol r\u00edomhphost chuig<span style=\"color: #78be20;\">\u00a0<\/span><\/span><a href=\"mailto:info@theinnovationexchange.ie\"><span style=\"color: #1a2e3c;\"><span style=\"color: #78be20;\">info@theinnovationexchange.ie<\/span><\/span><\/a><\/p>\t\t\t\t\t\t\t\t<\/div>\n\t\t\t\t<\/div>\n\t\t\t\t\t<\/div>\n\t\t<\/div>\n\t\t\t\t<div class=\"elementor-column elementor-col-33 elementor-top-column elementor-element elementor-element-248a6ef9\" data-id=\"248a6ef9\" data-element_type=\"column\" data-e-type=\"column\">\n\t\t\t<div class=\"elementor-widget-wrap elementor-element-populated\">\n\t\t\t\t\t\t<div class=\"elementor-element elementor-element-577fbd03 elementor-widget elementor-widget-video\" data-id=\"577fbd03\" data-element_type=\"widget\" data-e-type=\"widget\" data-settings=\"{&quot;video_type&quot;:&quot;vimeo&quot;,&quot;mute&quot;:&quot;yes&quot;}\" data-widget_type=\"video.default\">\n\t\t\t\t<div class=\"elementor-widget-container\">\n\t\t\t\t\t\t\t<div class=\"elementor-wrapper elementor-open-inline\">\n\t\t\t<iframe class=\"elementor-video-iframe\" allowfullscreen allow=\"clipboard-write\" title=\"vimeo Video Player\" src=\"https:\/\/player.vimeo.com\/video\/726661857?color&amp;autopause=0&amp;loop=0&amp;muted=1&amp;title=1&amp;portrait=1&amp;byline=1#t=\"><\/iframe>\t\t<\/div>\n\t\t\t\t\t\t<\/div>\n\t\t\t\t<\/div>\n\t\t\t\t<div class=\"elementor-element elementor-element-293a6a80 ignore-toc elementor-widget elementor-widget-heading\" data-id=\"293a6a80\" data-element_type=\"widget\" data-e-type=\"widget\" data-widget_type=\"heading.default\">\n\t\t\t\t<div class=\"elementor-widget-container\">\n\t\t\t\t\t<h2 class=\"elementor-heading-title elementor-size-default\">Na Me\u00e1in Sh\u00f3isialta<\/h2>\t\t\t\t<\/div>\n\t\t\t\t<\/div>\n\t\t\t\t<div class=\"elementor-element elementor-element-7b0bdc2e elementor-shape-square e-grid-align-left ignore-toc elementor-grid-0 elementor-widget elementor-widget-social-icons\" data-id=\"7b0bdc2e\" data-element_type=\"widget\" data-e-type=\"widget\" data-widget_type=\"social-icons.default\">\n\t\t\t\t<div class=\"elementor-widget-container\">\n\t\t\t\t\t\t\t<div class=\"elementor-social-icons-wrapper elementor-grid\" role=\"list\">\n\t\t\t\t\t\t\t<span class=\"elementor-grid-item\" role=\"listitem\">\n\t\t\t\t\t<a class=\"elementor-icon elementor-social-icon elementor-social-icon-youtube elementor-repeater-item-b178676\" href=\"https:\/\/www.youtube.com\/@TheInnovationExchange.\" target=\"_blank\">\n\t\t\t\t\t\t<span class=\"elementor-screen-only\">I\u00fat\u00fab<\/span>\n\t\t\t\t\t\t<i aria-hidden=\"true\" class=\"fab fa-youtube\"><\/i>\t\t\t\t\t<\/a>\n\t\t\t\t<\/span>\n\t\t\t\t\t\t\t<span class=\"elementor-grid-item\" role=\"listitem\">\n\t\t\t\t\t<a class=\"elementor-icon elementor-social-icon elementor-social-icon-twitter elementor-repeater-item-a81b987\" href=\"https:\/\/twitter.com\/TheInnovationE2\" target=\"_blank\">\n\t\t\t\t\t\t<span class=\"elementor-screen-only\">Tvu\u00edte\u00e1il<\/span>\n\t\t\t\t\t\t<i aria-hidden=\"true\" class=\"fab fa-twitter\"><\/i>\t\t\t\t\t<\/a>\n\t\t\t\t<\/span>\n\t\t\t\t\t\t\t<span class=\"elementor-grid-item\" role=\"listitem\">\n\t\t\t\t\t<a class=\"elementor-icon elementor-social-icon elementor-social-icon-instagram elementor-repeater-item-323f473\" href=\"https:\/\/www.instagram.com\/theinnovationexchange\/\" target=\"_blank\">\n\t\t\t\t\t\t<span class=\"elementor-screen-only\">Instagram<\/span>\n\t\t\t\t\t\t<i aria-hidden=\"true\" class=\"fab fa-instagram\"><\/i>\t\t\t\t\t<\/a>\n\t\t\t\t<\/span>\n\t\t\t\t\t\t\t<span class=\"elementor-grid-item\" role=\"listitem\">\n\t\t\t\t\t<a class=\"elementor-icon elementor-social-icon elementor-social-icon-linkedin elementor-repeater-item-da10bca\" href=\"https:\/\/www.linkedin.com\/company\/furthr-ie\/\" target=\"_blank\">\n\t\t\t\t\t\t<span class=\"elementor-screen-only\">L\u00edonra Gairmi\u00fail<\/span>\n\t\t\t\t\t\t<i aria-hidden=\"true\" class=\"fab fa-linkedin\"><\/i>\t\t\t\t\t<\/a>\n\t\t\t\t<\/span>\n\t\t\t\t\t<\/div>\n\t\t\t\t\t\t<\/div>\n\t\t\t\t<\/div>\n\t\t\t\t<div class=\"elementor-element elementor-element-f03293b ignore-toc elementor-widget elementor-widget-heading\" data-id=\"f03293b\" data-element_type=\"widget\" data-e-type=\"widget\" data-widget_type=\"heading.default\">\n\t\t\t\t<div class=\"elementor-widget-container\">\n\t\t\t\t\t<h2 class=\"elementor-heading-title elementor-size-default\">An chuid is m\u00f3 a bhfuil t\u00f3ir orthu<\/h2>\t\t\t\t<\/div>\n\t\t\t\t<\/div>\n\t\t\t\t<div class=\"elementor-element elementor-element-34eafdeb elementor-grid-1 elementor-posts--thumbnail-left elementor-posts--align-left ignore-toc elementor-grid-tablet-2 elementor-grid-mobile-1 elementor-widget elementor-widget-posts\" data-id=\"34eafdeb\" data-element_type=\"widget\" data-e-type=\"widget\" data-settings=\"{&quot;classic_columns&quot;:&quot;1&quot;,&quot;classic_row_gap&quot;:{&quot;unit&quot;:&quot;px&quot;,&quot;size&quot;:&quot;30&quot;,&quot;sizes&quot;:[]},&quot;classic_columns_tablet&quot;:&quot;2&quot;,&quot;classic_columns_mobile&quot;:&quot;1&quot;,&quot;classic_row_gap_tablet&quot;:{&quot;unit&quot;:&quot;px&quot;,&quot;size&quot;:&quot;&quot;,&quot;sizes&quot;:[]},&quot;classic_row_gap_mobile&quot;:{&quot;unit&quot;:&quot;px&quot;,&quot;size&quot;:&quot;&quot;,&quot;sizes&quot;:[]}}\" data-widget_type=\"posts.classic\">\n\t\t\t\t<div class=\"elementor-widget-container\">\n\t\t\t\t\t\t\t<div class=\"elementor-posts-container elementor-posts elementor-posts--skin-classic elementor-grid\" role=\"list\">\n\t\t\t\t<article class=\"elementor-post elementor-grid-item post-17365 post type-post status-publish format-standard has-post-thumbnail hentry category-news tag-62 category-1 description-off\" role=\"listitem\">\n\t\t\t\t<a class=\"elementor-post__thumbnail__link\" href=\"https:\/\/theinnovationexchange.ie\/ga\/minister-dara-calleary-announces-skillnet-innovation-exchange-partnership-with-udaras-na-gaeltachta\/\" tabindex=\"-1\" >\n\t\t\t<div class=\"elementor-post__thumbnail\"><img decoding=\"async\" width=\"1920\" height=\"1080\" src=\"https:\/\/theinnovationexchange.ie\/wp-content\/uploads\/2026\/06\/UnaG-SIE-Launch-press-photo.jpg\" class=\"attachment-full size-full wp-image-17369\" alt=\"\" srcset=\"https:\/\/theinnovationexchange.ie\/wp-content\/uploads\/2026\/06\/UnaG-SIE-Launch-press-photo.jpg 1920w, https:\/\/theinnovationexchange.ie\/wp-content\/uploads\/2026\/06\/UnaG-SIE-Launch-press-photo-300x169.jpg 300w, https:\/\/theinnovationexchange.ie\/wp-content\/uploads\/2026\/06\/UnaG-SIE-Launch-press-photo-1024x576.jpg 1024w, https:\/\/theinnovationexchange.ie\/wp-content\/uploads\/2026\/06\/UnaG-SIE-Launch-press-photo-768x432.jpg 768w, https:\/\/theinnovationexchange.ie\/wp-content\/uploads\/2026\/06\/UnaG-SIE-Launch-press-photo-1536x864.jpg 1536w\" sizes=\"(max-width: 1920px) 100vw, 1920px\" \/><\/div>\n\t\t<\/a>\n\t\t\t\t<div class=\"elementor-post__text\">\n\t\t\t\t<h6 class=\"elementor-post__title\">\n\t\t\t<a href=\"https:\/\/theinnovationexchange.ie\/ga\/minister-dara-calleary-announces-skillnet-innovation-exchange-partnership-with-udaras-na-gaeltachta\/\" >\n\t\t\t\tF\u00f3gra\u00edonn an tAire Dara Calleary Comhph\u00e1irt\u00edocht Malartaithe Nu\u00e1la\u00edochta Skillnet le h\u00dadar\u00e1s na Gaeltachta\t\t\t<\/a>\n\t\t<\/h6>\n\t\t\t\t<div class=\"elementor-post__meta-data\">\n\t\t\t\t\t<span class=\"elementor-post-date\">\n\t\t\t1 I\u00fail 2026\t\t<\/span>\n\t\t\t\t<\/div>\n\t\t\t\t<\/div>\n\t\t\t\t<\/article>\n\t\t\t\t<article class=\"elementor-post elementor-grid-item post-13830 post type-post status-publish format-standard has-post-thumbnail hentry category-news tag-year-2025 category-1 description-off\" role=\"listitem\">\n\t\t\t\t<a class=\"elementor-post__thumbnail__link\" href=\"https:\/\/theinnovationexchange.ie\/ga\/meet-us-at-deeptechfest-cork-march-26-27th\/\" tabindex=\"-1\" >\n\t\t\t<div class=\"elementor-post__thumbnail\"><img decoding=\"async\" width=\"1080\" height=\"608\" src=\"https:\/\/theinnovationexchange.ie\/wp-content\/uploads\/2025\/03\/V2.jpg\" class=\"attachment-full size-full wp-image-13831\" alt=\"\" srcset=\"https:\/\/theinnovationexchange.ie\/wp-content\/uploads\/2025\/03\/V2.jpg 1080w, https:\/\/theinnovationexchange.ie\/wp-content\/uploads\/2025\/03\/V2-300x169.jpg 300w, https:\/\/theinnovationexchange.ie\/wp-content\/uploads\/2025\/03\/V2-1024x576.jpg 1024w, https:\/\/theinnovationexchange.ie\/wp-content\/uploads\/2025\/03\/V2-768x432.jpg 768w\" sizes=\"(max-width: 1080px) 100vw, 1080px\" \/><\/div>\n\t\t<\/a>\n\t\t\t\t<div class=\"elementor-post__text\">\n\t\t\t\t<h6 class=\"elementor-post__title\">\n\t\t\t<a href=\"https:\/\/theinnovationexchange.ie\/ga\/meet-us-at-deeptechfest-cork-march-26-27th\/\" >\n\t\t\t\tBuail linn ag DeeptechFest \u2013 Corcaigh \u2013 26 &amp; 27 M\u00e1rta\t\t\t<\/a>\n\t\t<\/h6>\n\t\t\t\t<div class=\"elementor-post__meta-data\">\n\t\t\t\t\t<span class=\"elementor-post-date\">\n\t\t\t11 M\u00e1rta 2025\t\t<\/span>\n\t\t\t\t<\/div>\n\t\t\t\t<\/div>\n\t\t\t\t<\/article>\n\t\t\t\t<\/div>\n\t\t\n\t\t\t\t\t\t<\/div>\n\t\t\t\t<\/div>\n\t\t\t\t\t<\/div>\n\t\t<\/div>\n\t\t\t\t\t<\/div>\n\t\t<\/section>\n\t\t\t\t<section class=\"elementor-section elementor-top-section elementor-element elementor-element-2b092259 ignore-toc elementor-section-boxed elementor-section-height-default elementor-section-height-default wpr-particle-no wpr-jarallax-no wpr-parallax-no wpr-sticky-section-no wpr-column-slider-no wpr-equal-height-no\" data-id=\"2b092259\" data-element_type=\"section\" data-e-type=\"section\">\n\t\t\t\t\t\t<div class=\"elementor-container elementor-column-gap-default\">\n\t\t\t\t\t<div class=\"elementor-column elementor-col-100 elementor-top-column elementor-element elementor-element-1d157ab2\" data-id=\"1d157ab2\" data-element_type=\"column\" data-e-type=\"column\">\n\t\t\t<div class=\"elementor-widget-wrap elementor-element-populated\">\n\t\t\t\t\t\t<div class=\"elementor-element elementor-element-7cd3f2df elementor-widget elementor-widget-heading\" data-id=\"7cd3f2df\" data-element_type=\"widget\" data-e-type=\"widget\" data-widget_type=\"heading.default\">\n\t\t\t\t<div class=\"elementor-widget-container\">\n\t\t\t\t\t<h2 class=\"elementor-heading-title elementor-size-default\">Poist Ghaolmhara<\/h2>\t\t\t\t<\/div>\n\t\t\t\t<\/div>\n\t\t\t\t<div class=\"elementor-element elementor-element-72861af elementor-grid-4 elementor-grid-tablet-2 elementor-grid-mobile-1 elementor-posts--thumbnail-top elementor-widget elementor-widget-posts\" data-id=\"72861af\" data-element_type=\"widget\" data-e-type=\"widget\" data-settings=\"{&quot;classic_columns&quot;:&quot;4&quot;,&quot;classic_columns_tablet&quot;:&quot;2&quot;,&quot;classic_columns_mobile&quot;:&quot;1&quot;,&quot;classic_row_gap&quot;:{&quot;unit&quot;:&quot;px&quot;,&quot;size&quot;:35,&quot;sizes&quot;:[]},&quot;classic_row_gap_tablet&quot;:{&quot;unit&quot;:&quot;px&quot;,&quot;size&quot;:&quot;&quot;,&quot;sizes&quot;:[]},&quot;classic_row_gap_mobile&quot;:{&quot;unit&quot;:&quot;px&quot;,&quot;size&quot;:&quot;&quot;,&quot;sizes&quot;:[]}}\" data-widget_type=\"posts.classic\">\n\t\t\t\t<div class=\"elementor-widget-container\">\n\t\t\t\t\t\t\t<div class=\"elementor-posts-container elementor-posts elementor-posts--skin-classic elementor-grid\" role=\"list\">\n\t\t\t\t<article class=\"elementor-post elementor-grid-item post-17462 post type-post status-publish format-standard has-post-thumbnail hentry category-news tag-62 category-1 description-off\" role=\"listitem\">\n\t\t\t\t<a class=\"elementor-post__thumbnail__link\" href=\"https:\/\/theinnovationexchange.ie\/ga\/sustainability-showcase-bridging-the-gap-between-ambition-and-action\/\" tabindex=\"-1\" >\n\t\t\t<div class=\"elementor-post__thumbnail\"><img loading=\"lazy\" decoding=\"async\" width=\"1280\" height=\"720\" src=\"https:\/\/theinnovationexchange.ie\/wp-content\/uploads\/2026\/07\/Sustainability-Showcase-.jpg\" class=\"attachment-full size-full wp-image-17464\" alt=\"\" srcset=\"https:\/\/theinnovationexchange.ie\/wp-content\/uploads\/2026\/07\/Sustainability-Showcase-.jpg 1280w, https:\/\/theinnovationexchange.ie\/wp-content\/uploads\/2026\/07\/Sustainability-Showcase--300x169.jpg 300w, https:\/\/theinnovationexchange.ie\/wp-content\/uploads\/2026\/07\/Sustainability-Showcase--1024x576.jpg 1024w, https:\/\/theinnovationexchange.ie\/wp-content\/uploads\/2026\/07\/Sustainability-Showcase--768x432.jpg 768w\" sizes=\"(max-width: 1280px) 100vw, 1280px\" \/><\/div>\n\t\t<\/a>\n\t\t\t\t<div class=\"elementor-post__text\">\n\t\t\t\t<h3 class=\"elementor-post__title\">\n\t\t\t<a href=\"https:\/\/theinnovationexchange.ie\/ga\/sustainability-showcase-bridging-the-gap-between-ambition-and-action\/\" >\n\t\t\t\tTaispe\u00e1ntas Inbhuanaitheachta: An bhearna a l\u00edonadh idir uaillmhian agus gn\u00edomh\t\t\t<\/a>\n\t\t<\/h3>\n\t\t\t\t<div class=\"elementor-post__excerpt\">\n\t\t\t<p>T\u00e1 go leor gn\u00f3lachta\u00ed ag streachailt le freastal ar an \u00e9ileamh m\u00e9adaitheach ar shonra\u00ed ESG \u00f3 shlabhra\u00ed sol\u00e1thair, \u00f3 fhoirne sol\u00e1thair, \u00f3 infheisteoir\u00ed, agus \u00f3 rialt\u00f3ir\u00ed. Agus tuairisci\u00fa inbhuanaitheachta ina fhacht\u00f3ir r\u00edth\u00e1bhachtach anois chun conartha\u00ed a bhuachan agus chun fanacht ioma\u00edoch, bh\u00ed \u00e1thas orainn \u00e1r dTaispe\u00e1ntas Inbhuanaitheachta a sheoladh ar an 1 I\u00fail. Thug an t-imeacht ar l\u00edne seo, at\u00e1 eisiach do bhaill, ceannair\u00ed inbhuanaitheachta agus lucht d\u00e9anta cinnt\u00ed le ch\u00e9ile \u00f3 eagra\u00edochta\u00ed ar n\u00f3s Ballymaloe Foods, Expleo, Hanley Energy, OROKO Travel, agus Comhairle Chontae Chorca\u00ed. Chuaigh siad i gcomhar le naoi gcomhlacht nu\u00e1lach teicneola\u00edochta \u00c9ireannacha a l\u00e9irigh r\u00e9itigh at\u00e1 deartha chun cabhr\u00fa le heagra\u00edochta\u00ed a gcuid uaillmhianta inbhuanaitheachta, ESG, agus glan-nialais a bhaint amach. Bh\u00ed p\u00edots\u00e1lacha gairide, ardtionchair do r\u00e9itigh mar chuid den imeacht, rud a chuir ar chumas lucht d\u00e9anta cinnt\u00ed tuiscint a fh\u00e1il go tapa ar na teicneola\u00edochta\u00ed agus na seirbh\u00eds\u00ed at\u00e1 ar f\u00e1il chun tac\u00fa le tuairisci\u00fa ESG agus le spriocanna inbhuanaitheachta oibr\u00edocht\u00fala. Pr\u00edomhphoint\u00ed. N\u00ed hamh\u00e1in gur l\u00e9irigh an seisi\u00fan seo r\u00e9itigh fhor\u00e1sacha at\u00e1 feasach ar an gcomhshaol; l\u00e9ir\u00edodh freisin na pr\u00edomh-dh\u00fashl\u00e1in at\u00e1 ag teacht an\u00edos ar\u00eds agus ar\u00eds eile i r\u00e9imse na hinbhuanaitheachta sa l\u00e1 at\u00e1 inniu ann:\ud83d\udfe2 Sceitheadh Sonra\u00ed agus Inrochtaineacht:\u202fLuaigh beagnach gach cainteoir, c\u00e9 go mb\u00edonn sonra\u00ed ann, go mb\u00edonn siad go minic s\u00e1innithe i gc\u00f3rais dh\u00edcheangailte, i scarbhileoga, n\u00f3 i siloanna.\ud83d\udfe2 Ualach na bPr\u00f3iseas L\u00e1imhe:\u202fLuaigh rannph\u00e1irtithe ar\u00eds agus ar\u00eds eile go bhfuil na modhanna reatha r\u00f3-mhall, r\u00f3-l\u00e1imhe, agus go n-\u00edd\u00edonn siad acmhainn\u00ed luachmhara.\ud83d\udfe2 Castacht Rial\u00e1la:\u202fT\u00e9ama m\u00f3r a bh\u00ed ann an br\u00fa a bhaineann le clo\u00ed le reachta\u00edocht at\u00e1 ag s\u00edorathr\u00fa (cos\u00fail leis an CSRD) gan treoir shoil\u00e9ir.\ud83d\udfe2 An Bearna idir &quot;Tuarasc\u00e1il vs. Gn\u00edomh&quot;:\u202fD&#x27;\u00e1itigh roinnt cainteoir\u00ed go nd\u00edr\u00edonn cuideachta\u00ed an iomarca ar an aschur (an tuarasc\u00e1il) seachas ar na hathruithe oibr\u00edocht\u00fala is g\u00e1 chun feabhas a chur ar fheidhm\u00edocht.\ud83d\udfe2 Bearna\u00ed Scileanna:\u202fT\u00e1 easpa lean\u00fanach saineolais tiomnaithe ar inbhuanaitheacht, go h\u00e1irithe in eagra\u00edochta\u00ed n\u00edos l\u00fa.\ud83d\udfe2 Rannph\u00e1irt\u00edocht sa tSlabhra Sol\u00e1thair (Scope 3):\u202fAithn\u00edodh go raibh baili\u00fa sonra\u00ed cruinne \u00f3 shol\u00e1thraithe, go h\u00e1irithe FBManna, ina bhr\u00faisc shonrach. Ag Breathn\u00fa Chun Cinn\u202fN\u00edl anseo ach an t\u00fas. T\u00e1imid tiomanta do thac\u00fa go r\u00e9amhghn\u00edomhach le claochl\u00fa digiteach na h\u00c9ireann maidir le hinbhuanaitheacht agus do luath\u00fa an chlaochlaithe sin. Agus n\u00edos m\u00f3 deiseanna spreag\u00fala ar na bac\u00e1in sna m\u00edonna amach romhainn, coinnigh s\u00fail amach!<\/p>\n\t\t<\/div>\n\t\t\t\t<\/div>\n\t\t\t\t<\/article>\n\t\t\t\t<article class=\"elementor-post elementor-grid-item post-17365 post type-post status-publish format-standard has-post-thumbnail hentry category-news tag-62 category-1 description-off\" role=\"listitem\">\n\t\t\t\t<a class=\"elementor-post__thumbnail__link\" href=\"https:\/\/theinnovationexchange.ie\/ga\/minister-dara-calleary-announces-skillnet-innovation-exchange-partnership-with-udaras-na-gaeltachta\/\" tabindex=\"-1\" >\n\t\t\t<div class=\"elementor-post__thumbnail\"><img decoding=\"async\" width=\"1920\" height=\"1080\" src=\"https:\/\/theinnovationexchange.ie\/wp-content\/uploads\/2026\/06\/UnaG-SIE-Launch-press-photo.jpg\" class=\"attachment-full size-full wp-image-17369\" alt=\"\" srcset=\"https:\/\/theinnovationexchange.ie\/wp-content\/uploads\/2026\/06\/UnaG-SIE-Launch-press-photo.jpg 1920w, https:\/\/theinnovationexchange.ie\/wp-content\/uploads\/2026\/06\/UnaG-SIE-Launch-press-photo-300x169.jpg 300w, https:\/\/theinnovationexchange.ie\/wp-content\/uploads\/2026\/06\/UnaG-SIE-Launch-press-photo-1024x576.jpg 1024w, https:\/\/theinnovationexchange.ie\/wp-content\/uploads\/2026\/06\/UnaG-SIE-Launch-press-photo-768x432.jpg 768w, https:\/\/theinnovationexchange.ie\/wp-content\/uploads\/2026\/06\/UnaG-SIE-Launch-press-photo-1536x864.jpg 1536w\" sizes=\"(max-width: 1920px) 100vw, 1920px\" \/><\/div>\n\t\t<\/a>\n\t\t\t\t<div class=\"elementor-post__text\">\n\t\t\t\t<h3 class=\"elementor-post__title\">\n\t\t\t<a href=\"https:\/\/theinnovationexchange.ie\/ga\/minister-dara-calleary-announces-skillnet-innovation-exchange-partnership-with-udaras-na-gaeltachta\/\" >\n\t\t\t\tF\u00f3gra\u00edonn an tAire Dara Calleary Comhph\u00e1irt\u00edocht Malartaithe Nu\u00e1la\u00edochta Skillnet le h\u00dadar\u00e1s na Gaeltachta\t\t\t<\/a>\n\t\t<\/h3>\n\t\t\t\t<div class=\"elementor-post__excerpt\">\n\t\t\t<p>F\u00f3gra\u00edonn Skillnet \u00c9ire Comhph\u00e1irt\u00edocht Mhalart\u00fa Nu\u00e1la\u00edochta Skillnet le h\u00dadar\u00e1s na Gaeltachta Preasr\u00e1iteas, Meitheamh 2026: D&#x27;fh\u00f3gair an tAire Forbartha Tuaithe agus Pobail agus na Gaeltachta, Dara Calleary TD, an leathn\u00fa r\u00e9igi\u00fanach is d\u00e9ana\u00ed ar Mhalart\u00fa Nu\u00e1la\u00edochta Skillnet isteach sa Ghaeltacht i gcomhph\u00e1irt\u00edocht le h\u00dadar\u00e1s na Gaeltachta.\u00a0 Cuireann Skillnet Innovation Exchange taca\u00edocht ar f\u00e1il do ghn\u00f3lachta\u00ed m\u00f3ra agus beaga araon tr\u00ed chuideachta\u00ed me\u00e1nmh\u00e9ide agus m\u00f3r a bhfuil d\u00fashl\u00e1in nu\u00e1la\u00edochta rompu a nascadh le sol\u00e1thraithe r\u00e9iteach digiteach at\u00e1 in ann an nu\u00e1la\u00edocht a bhrost\u00fa. Neart\u00f3idh an chomhph\u00e1irt\u00edocht idir Skillnet Innovation Exchange agus \u00dadar\u00e1s na Gaeltachta pobal an ghn\u00f3 sa Ghaeltacht agus i gceantair r\u00e9igi\u00fanacha. D\u00fairt an tAire Dara Calleary: &quot;L\u00e9ir\u00edonn an chomhph\u00e1irt\u00edocht seo cumhacht na comhoibrithe r\u00e9igi\u00fana\u00ed chun ioma\u00edochas n\u00e1isi\u00fanta a thiom\u00e1int, tr\u00ed ghn\u00edomhaireachta\u00ed fiontair, ceannair\u00ed tionscail, FBManna agus geallsealbh\u00f3ir\u00ed nu\u00e1la\u00edochta a thabhairt le ch\u00e9ile chun aghaidh a thabhairt ar fh\u00edordh\u00fashl\u00e1in ghn\u00f3 agus chun deiseanna nua tr\u00e1cht\u00e1la a oscailt. Tr\u00ed shol\u00e1thraithe r\u00e9iteach nu\u00e1lacha a nascadh le heagra\u00edochta\u00ed n\u00edos m\u00f3, cabhr\u00f3idh Skillnet Innovation Exchange le gn\u00f3lachta\u00ed i gceantair r\u00e9igi\u00fanacha agus sa Ghaeltacht rochtain a fh\u00e1il ar mharga\u00ed nua, comhph\u00e1irt\u00edochta\u00ed strait\u00e9iseacha a choth\u00fa agus f\u00e1s a luath\u00fa.&quot; D\u00fairt Ken Finnegan, Pr\u00edomhoifigeach Strait\u00e9ise, Skillnet Ireland: &quot;Cuirfidh an chomhph\u00e1irt\u00edocht seo idir Skillnet Innovation Exchange agus \u00dadar\u00e1s na Gaeltachta bunt\u00e1ist\u00ed suntasacha ar f\u00e1il do ghn\u00f3lachta\u00ed \u00e1iti\u00fala, tr\u00ed rochtain a leathn\u00fa ar mh\u00fanla nu\u00e1la\u00edochta cruthaithe a chuireann ar chumas sol\u00e1thraithe r\u00e9iteach nascadh go d\u00edreach le corpar\u00e1id\u00ed n\u00edos m\u00f3, cumais nua a fhorbairt agus deiseanna f\u00e1is a dh\u00edghlas\u00e1il.&quot; Tugann an leathn\u00fa n\u00e1isi\u00fanta ar an tionscnamh n\u00e1isi\u00fanta n\u00edos m\u00f3 rochtana do shol\u00e1thraithe r\u00e9iteach ar raon leathan bunt\u00e1ist\u00ed, lena n-\u00e1ir\u00edtear rochtain ar ph\u00edbl\u00edne d\u00edolach\u00e1in r\u00e9amhdh\u00e9anta, deiseanna uas-scileanna agus comhoibrithe le corpar\u00e1id\u00ed m\u00f3ra. \u00d3 seoladh \u00e9 in 2022, t\u00e1 sreabhadh marga\u00ed de \u20ac5 milli\u00fan i gcomhair FBManna seachadta ag Skillnet Innovation Exchange, taca\u00edodh le 80 d\u00fashl\u00e1n corpar\u00e1ideach as ar eascair breis agus 40 margadh s\u00ednithe, agus buna\u00edodh l\u00edonra l\u00e1idir comhph\u00e1irt\u00edochta n\u00e1isi\u00fanta a thaca\u00edonn le h\u00e9iceach\u00f3ras nu\u00e1la\u00edochta br\u00edomhar. D\u00fairt Conor Carmody, Sti\u00farth\u00f3ir, Skillnet Innovation Exchange: &quot;Ag Skillnet Innovation Exchange, cuid\u00edmid le heagra\u00edochta\u00ed f\u00e1s a dh\u00edghlas\u00e1il tr\u00ed chlaochl\u00fa digiteach, glacadh le hintleacht shaorga, agus nu\u00e1la\u00edocht inbhuanaitheachta. T\u00e1 r\u00edm\u00e9ad orainn \u00e1r gcomhph\u00e1irt\u00edocht le h\u00dadar\u00e1s na Gaeltachta a sheoladh chun caidrimh nua, thioncharacha a choth\u00fa le gn\u00f3lachta\u00ed sa r\u00e9igi\u00fan, agus ag an am c\u00e9anna bua eisceacht\u00fail a l\u00e9iri\u00fa agus tac\u00fa le cuideachta\u00ed agus iad ag f\u00e1s.&quot;\u00a0 D\u00fairt Tom\u00e1s \u00d3 S\u00edoch\u00e1in, Pr\u00edomhfheidhmeannach \u00dadar\u00e1s na Gaeltachta: &quot;Tugann \u00dadar\u00e1s na Gaeltachta taca\u00edocht do ghn\u00f3lachta\u00ed chun marga\u00ed, teicneola\u00edochta\u00ed, t\u00e1irg\u00ed agus comhghuaill\u00edochta\u00ed strait\u00e9iseacha nua a fhorbairt tr\u00ed thaighde agus forbairt. Cuims\u00edonn cuideachta\u00ed na Gaeilteachta r\u00e9imse earn\u00e1lacha tr\u00e1cht\u00e1la, lena n-\u00e1ir\u00edtear \u2013 na heola\u00edochta\u00ed beatha, TFC, an turas\u00f3ireacht, pr\u00f3ise\u00e1il \u00e9isc agus an t-uisceachais, fuinneamh in-athnuaite, bia, d\u00e9ant\u00fasa\u00edocht nideoige, me\u00e1in chlosamhairc agus dhigiteacha, agus na heala\u00edona agus an chearda\u00edocht. Chuige sin, is comhph\u00e1irt\u00ed foirfe d\u00fainn \u00e9 Skillnet Innovation Exchange, mar go dtaca\u00edonn s\u00e9 len\u00e1r bpr\u00edomhfh\u00f3cas, is \u00e9 sin poist, t\u00e1irg\u00ed agus seirbh\u00eds\u00ed nua a chruth\u00fa sa Ghaeltacht agus n\u00edos faide i gc\u00e9in.&quot; Go dt\u00ed seo, t\u00e1 breis agus 2,100 sol\u00e1thra\u00ed r\u00e9iteach agus corpar\u00e1id at\u00e1 ag f\u00e1s tar \u00e9is dul i ngleic le Skillnet Innovation Exchange, rud a l\u00e9ir\u00edonn go bhfuil fonn m\u00f3r ar an tionscnamh seo. \u00d3 buna\u00edodh \u00e9, t\u00e1 an margadh n\u00e1isi\u00fanta nu\u00e1la\u00edochta tar \u00e9is freagairt do dh\u00fashl\u00e1in nu\u00e1la\u00edochta iomad\u00fala \u00f3 chuideachta\u00ed ar n\u00f3s InterSport Elverys, Horse Sport Ireland, Ryanair, Glanbia agus go leor eile. \u00d3 2022 i leith, T\u00e1 comhph\u00e1irt\u00edocht rath\u00fail d\u00e9anta ag Skillnet Innovation Exchange le hionaid r\u00e9igi\u00fanacha ar fud na t\u00edre, mar shampla Platform 94 i nGaillimh, Republic of Work i gCathair Chorca\u00ed, The Ludgate Hub in Sceabhraig, Co. Chorca\u00ed, The Mill, D\u00fan Dealgan, an RDI Hub i gClare agus GreenTech HQ i nD\u00fan na nGall. T\u00e1 Scale-ups agus corpar\u00e1id\u00ed sa r\u00e9igi\u00fan \u00e1 spreagadh ag Skillnet Innovation Exchange chun cl\u00e1r\u00fa ag www.theinnovationexchange.ie.\u00a0\u00a0\u00a0 CR\u00cdOCH Le haghaidh fiosruithe \u00f3 na me\u00e1in d\u00e9an teagmh\u00e1il le: Valerie@theinnovationexchange.ie N\u00f3ta\u00ed do Eagarth\u00f3ir\u00ed\u202f\u00a0 Maidir le Skillnet Innovation Exchange Is \u00e9 Skillnet Innovation Exchange margadh nu\u00e1la\u00edochta na h\u00c9ireann, a thugann le ch\u00e9ile sol\u00e1thraithe r\u00e9iteach digiteach uaillmhianacha agus corpar\u00e1id\u00ed a bhfuil f\u00edordh\u00fashl\u00e1in tiontaithe digit\u00ed acu. Crutha\u00edonn an Mhalart\u00e1n Nu\u00e1la\u00edochta timpeallacht iontaofa inar f\u00e9idir le sol\u00e1thraithe r\u00e9iteach rochtain a fh\u00e1il ar ph\u00edbl\u00edne d\u00edolach\u00e1in ch\u00e1ilithe, ar dheiseanna chun cur i l\u00e1thair go d\u00edreach do lucht d\u00e9anta cinnt\u00ed, agus ar chaidrimh thr\u00e1cht\u00e1la bhuan a choth\u00fa, le taca\u00edocht \u00f3 oili\u00faint shaincheaptha. Baineann corpar\u00e1id\u00ed ar n\u00f3s Ryanair, VHI agus Glanbia tairbhe as rochtain ar \u00e9iceach\u00f3ras nu\u00e1la\u00edochta ilghn\u00e9itheach, smaointeoireacht \u00far &amp; buanna agus comhph\u00e1irtithe comhoibrithe cruthaithe at\u00e1 in ann tac\u00fa le hathr\u00fa agus f\u00e1s eagra\u00edocht\u00fail. Taca\u00edonn l\u00edonra comhph\u00e1irt\u00edochta n\u00e1isi\u00fanta agus comhph\u00e1irtithe n\u00e1isi\u00fanta ar n\u00f3s Sport Ireland agus Research Ireland leis an gcomhoibri\u00fa, le comhroinnt eolais agus le nu\u00e1la\u00edocht inbhuanaithe, insc\u00e1laithe.\u00a0 \u00a0\u00a0 Maidir le h\u00dadar\u00e1s na Gaeltachta Maidir le Skillnet Ireland Is \u00e9 Skillnet Ireland gn\u00edomhaireacht n\u00e1isi\u00fanta forbartha buanna an Rialtais in \u00c9irinn, at\u00e1 freagrach as ioma\u00edochas, t\u00e1irgi\u00falacht agus nu\u00e1la\u00edocht ghn\u00f3lachta\u00ed na h\u00c9ireann a chur chun cinn tr\u00ed fhorbairt buanna faoi sti\u00fair fiontar. Oibr\u00edonn Skillnet Ireland i gcomhph\u00e1irt\u00edocht le 57 comhlacht tionscail, ag tac\u00fa le breis agus 24,000 gn\u00f3lacht agus n\u00edos m\u00f3 n\u00e1 90,000 oili\u00fana\u00ed gach bliain, tr\u00edna 70 L\u00edonra Gn\u00f3 Skillnet agus c\u00faig Thionscnamh N\u00e1isi\u00fanta, ar fud fhormh\u00f3r na n-earn\u00e1lacha agus na r\u00e9igi\u00fan go l\u00e9ir in \u00c9irinn. Maoin\u00edtear Skillnet Ireland \u00f3n gCiste N\u00e1isi\u00fanta Oili\u00fana tr\u00edd an Roinn Ardoideachais, Taighde, Nu\u00e1la\u00edochta agus Eola\u00edochta. Chun tuilleadh a fhoghlaim faoi Skillnet Ireland, tabhair cuairt ar www.skillnetireland.ie Uirlis chuardaigh L\u00edonra Gn\u00f3 Skillnet: https:\/\/www.skillnetireland.ie\/our-networks\/<\/p>\n\t\t<\/div>\n\t\t\t\t<\/div>\n\t\t\t\t<\/article>\n\t\t\t\t<article class=\"elementor-post elementor-grid-item post-17318 post type-post status-publish format-standard has-post-thumbnail hentry category-news tag-62 category-1 description-off\" role=\"listitem\">\n\t\t\t\t<a class=\"elementor-post__thumbnail__link\" href=\"https:\/\/theinnovationexchange.ie\/ga\/minister-james-lawless-announces-skillnet-innovation-exchange-expansion-in-co-meath\/\" tabindex=\"-1\" >\n\t\t\t<div class=\"elementor-post__thumbnail\"><img loading=\"lazy\" decoding=\"async\" width=\"1920\" height=\"1080\" src=\"https:\/\/theinnovationexchange.ie\/wp-content\/uploads\/2026\/06\/Skillnet-Innovation-Exhange-Meath-Expansion-Launch-1.jpg\" class=\"attachment-full size-full wp-image-17320\" alt=\"\" srcset=\"https:\/\/theinnovationexchange.ie\/wp-content\/uploads\/2026\/06\/Skillnet-Innovation-Exhange-Meath-Expansion-Launch-1.jpg 1920w, https:\/\/theinnovationexchange.ie\/wp-content\/uploads\/2026\/06\/Skillnet-Innovation-Exhange-Meath-Expansion-Launch-1-300x169.jpg 300w, https:\/\/theinnovationexchange.ie\/wp-content\/uploads\/2026\/06\/Skillnet-Innovation-Exhange-Meath-Expansion-Launch-1-1024x576.jpg 1024w, https:\/\/theinnovationexchange.ie\/wp-content\/uploads\/2026\/06\/Skillnet-Innovation-Exhange-Meath-Expansion-Launch-1-768x432.jpg 768w, https:\/\/theinnovationexchange.ie\/wp-content\/uploads\/2026\/06\/Skillnet-Innovation-Exhange-Meath-Expansion-Launch-1-1536x864.jpg 1536w\" sizes=\"(max-width: 1920px) 100vw, 1920px\" \/><\/div>\n\t\t<\/a>\n\t\t\t\t<div class=\"elementor-post__text\">\n\t\t\t\t<h3 class=\"elementor-post__title\">\n\t\t\t<a href=\"https:\/\/theinnovationexchange.ie\/ga\/minister-james-lawless-announces-skillnet-innovation-exchange-expansion-in-co-meath\/\" >\n\t\t\t\tF\u00f3gra\u00edonn an tAire James Lawless leathn\u00fa ar Mhalart\u00e1n Nu\u00e1la\u00edochta Skillnet i gContae Mhaigh Eo\u00a0\u00a0\t\t\t<\/a>\n\t\t<\/h3>\n\t\t\t\t<div class=\"elementor-post__excerpt\">\n\t\t\t<p>Seolann Skillnet \u00c9ire an Skillnet Innovation Exchange chun tac\u00fa le gn\u00f3lachta\u00ed i gContae Mhaigh Eo   Preasr\u00e1iteas, 11 Meitheamh 2026:\u00a0D&#x27;fh\u00f3gair an tAire um Ardoideachas agus Tuilleadh Oideachais, Taighde, Nu\u00e1la\u00edocht agus Eola\u00edocht, James Lawless TD, an leathn\u00fa r\u00e9igi\u00fanach is d\u00e9ana\u00ed ar an Skillnet Innovation Exchange i gContae Mhaigh Eo tr\u00edna chomhph\u00e1irt\u00ed r\u00e9igi\u00fanach, The Mill Enterprise Hub.\u00a0\u00a0\u00a0 Cuireann Malart\u00e1n Nu\u00e1la\u00edochta Skillnet taca\u00edocht ar f\u00e1il do ghn\u00f3lachta\u00ed m\u00f3ra agus beaga araon tr\u00ed chuideachta\u00ed me\u00e1nmh\u00e9ide agus m\u00f3ra at\u00e1 ag tabhairt aghaidh ar dh\u00fashl\u00e1in nu\u00e1la\u00edochta a nascadh le sol\u00e1thraithe r\u00e9iteach digiteach at\u00e1 in ann an nu\u00e1la\u00edocht a bhrost\u00fa. Neart\u00f3idh an chomhph\u00e1irt\u00edocht idir Skillnet Innovation Exchange agus The Mill Enterprise Hub pobal an ghn\u00f3 i gContae Mhaigh Eo agus sa r\u00e9igi\u00fan n\u00edos leithne, mar ionad don nu\u00e1la\u00edocht, don teicneola\u00edocht, agus don s\u00e1rmhaitheas gn\u00f3.\u00a0\u00a0 D\u00fairt an tAire James Lawless: &quot;Is pr\u00edomhthosa\u00edochta\u00ed don Rialtas iad tac\u00fa le nu\u00e1la\u00edocht agus geilleagair r\u00e9igi\u00fanacha a neart\u00fa. T\u00e1 r\u00edm\u00e9ad orm go bhfuil Skillnet Innovation Exchange ag leathn\u00fa a shroicheadh agus a thionchair isteach i gContae Mhaigh Eo agus, tr\u00edd sin, ag cabhr\u00fa le gn\u00f3lachta\u00ed ar fud an r\u00e9igi\u00fain rochtain a fh\u00e1il ar dheiseanna nua, nu\u00e1il a dh\u00e9anamh agus naisc thairbheacha tr\u00e1cht\u00e1la a choth\u00fa. Tr\u00ed naisc n\u00edos l\u00e1idre a chruth\u00fa idir sol\u00e1thraithe r\u00e9iteach FBM agus eagra\u00edochta\u00ed n\u00edos m\u00f3, t\u00e1 Malart\u00e1n Nu\u00e1la\u00edochta Skillnet ag cuidi\u00fa le f\u00e1s gn\u00f3 a luath\u00fa, le hioma\u00edochas a fheabhs\u00fa agus le forbairt eacnama\u00edoch inbhuanaithe a thac\u00fa ar fud na h\u00c9ireann.&quot;\u00a0\u00a0\u00a0 D\u00fairt Mark Jordan, Pr\u00edomhfheidhmeannach Skillnet \u00c9ire: &quot;Cuirfidh an t- fairsingi\u00fa ar an Skillnet Innovation Exchange i gContae Mhaigh Eo bunt\u00e1ist\u00ed suntasacha ar f\u00e1il do ghn\u00f3lachta\u00ed \u00e1iti\u00fala, tr\u00ed rochtain a leathn\u00fa ar mh\u00fanla nu\u00e1la\u00edochta cruthaithe a chuireann ar chumas sol\u00e1thraithe r\u00e9iteach nascadh go d\u00edreach le corpar\u00e1id\u00ed n\u00edos m\u00f3, cumais nua a fhorbairt agus deiseanna f\u00e1is a dh\u00edghlas\u00e1il. Molaim do FBManna \u00e1iti\u00fala agus do chuideachta\u00ed n\u00edos m\u00f3 sa r\u00e9igi\u00fan p\u00e1irt a ghlacadh in Iomlaon Nu\u00e1la\u00edochta Skillnet agus leas a bhaint as an iliomad bunt\u00e1ist\u00ed a thairgeann s\u00e9.&quot;\u00a0\u00a0 Tugann an leathn\u00fa n\u00e1isi\u00fanta ar an tionscnamh n\u00e1isi\u00fanta n\u00edos m\u00f3 rochtana do shol\u00e1thraithe r\u00e9iteach ar r\u00e9imse leathan bunt\u00e1ist\u00ed, lena n-\u00e1ir\u00edtear rochtain ar ph\u00edbl\u00edne d\u00edolach\u00e1in r\u00e9amhdh\u00e9anta, deiseanna uas-scileanna agus comhoibrithe le corpar\u00e1id\u00ed m\u00f3ra. \u00d3 seoladh \u00e9 in 2022, t\u00e1 \u20ac5 milli\u00fan i gc\u00farsa\u00ed gn\u00f3 FBM seachadta ag Malart\u00e1n Nu\u00e1la\u00edochta Skillnet, taca\u00edodh le 80 d\u00fashl\u00e1n corpar\u00e1ideach as ar eascair breis agus 40 margadh s\u00ednithe, agus buna\u00edodh l\u00edonra l\u00e1idir comhph\u00e1irt\u00edochta n\u00e1isi\u00fanta a thaca\u00edonn le h\u00e9iceach\u00f3ras nu\u00e1la\u00edochta br\u00edomhar.\u00a0\u00a0 D\u00fairt Conor Carmody, Sti\u00farth\u00f3ir, Skillnet Innovation Exchange: &quot;Ag Skillnet Innovation Exchange, cuid\u00edmid le heagra\u00edochta\u00ed f\u00e1s a dh\u00edghlas\u00e1il tr\u00ed chlaochl\u00fa digiteach, glacadh le hIntleacht Shaorga, agus nu\u00e1la\u00edocht inbhuanaitheachta.\u00a0T\u00e1 r\u00edm\u00e9ad orainn lean\u00faint len\u00e1r gcomhph\u00e1irt\u00edocht le The Mill Enterprise Hub agus caidrimh nua, thioncharacha a choth\u00fa le gn\u00f3lachta\u00ed ar fud Chontae na M\u00ed, agus buanna den scoth \u00e1 l\u00e9iri\u00fa againn agus tac\u00fa le cuideachta\u00ed agus iad ag f\u00e1s.&quot;\u00a0\u00a0\u00a0 D\u00fairt Ronan Whitty, Pr\u00edomhfheidhmeannach, The Mill Enterprise Hub: &quot;Is \u00e9 an t-\u00e9iteas ag The Mill Enterprise Hub n\u00e1 naisc a chruth\u00fa do ghn\u00f3lachta\u00ed nuathionscanta, do ghn\u00f3lachta\u00ed f\u00e1is, do FBManna, do chorpar\u00e1id\u00ed agus d&#x27;fhiontair chun gn\u00f3lachta\u00ed a chruth\u00fa, a dhigiti\u00fa, nu\u00e1il a dh\u00e9anamh iontu agus iad a mh\u00e9ad\u00fa. Chuige sin, is comhph\u00e1irt\u00ed foirfe d\u00fainn \u00e9 Skillnet Innovation Exchange, mar go dtaca\u00edonn s\u00e9 len\u00e1r bpr\u00edomhfh\u00f3cas, is \u00e9 sin poist, t\u00e1irg\u00ed agus seirbh\u00eds\u00ed nua a chruth\u00fa i gContae Mhaigh Eo agus n\u00edos faide i gc\u00e9in.&quot;\u00a0\u00a0 Go dt\u00ed seo, t\u00e1 breis agus 2,100 sol\u00e1thra\u00ed r\u00e9iteach agus corpar\u00e1id at\u00e1 ag sc\u00e1l\u00fa tar \u00e9is dul i ngleic le Malart\u00e1n Nu\u00e1la\u00edochta Skillnet, rud a l\u00e9ir\u00edonn go bhfuil fonn m\u00f3r ann don tionscnamh. \u00d3 buna\u00edodh \u00e9, t\u00e1 an margadh n\u00e1isi\u00fanta nu\u00e1la\u00edochta tar \u00e9is freagairt do dh\u00fashl\u00e1in nu\u00e1la\u00edochta iomad\u00fala \u00f3 chuideachta\u00ed ar n\u00f3s InterSport Elverys, Horse Sport Ireland, Ryanair, Glanbia agus go leor eile.\u202f\u202f\u202f\u202f\u00a0\u00a0 \u00d3 2022 i leith,\u00a0T\u00e1 comhph\u00e1irt\u00edocht rath\u00fail d\u00e9anta ag Skillnet Innovation Exchange le hionaid r\u00e9igi\u00fanacha ar fud na t\u00edre, mar shampla Republic of Work i gCathair Chorca\u00ed, The Ludgate Hub in Sceabhraig, Co. Chorca\u00ed, Platform 94 i nGaillimh, The Mill, D\u00fan Dealgan, an RDI Hub i gCorcaigh, agus GreenTech HQ i nD\u00fan na nGall.\u00a0\u00a0 T\u00e1 Scale-ups agus corpar\u00e1id\u00ed sa r\u00e9igi\u00fan \u00e1 spreagadh ag Skillnet Innovation Exchange chun cl\u00e1r\u00fa ag www.theinnovationexchange.ie.\u202f\u202f\u202f\u00a0\u00a0 CR\u00cdOCH. Le haghaidh fiosruithe \u00f3 na me\u00e1in d\u00e9an teagmh\u00e1il le: Valerie@theinnovationexchange.ie N\u00f3ta\u00ed do Eagarth\u00f3ir\u00ed\u202f\u202f\u202f\u202f\u202f\u202f\u202f\u202f\u202f\u202f\u202f\u202f\u202f\u202f\u202f\u202f\u202f\u202f\u202f\u202f\u202f\u202f\u202f\u202f\u202f\u202f\u202f\u202f\u202f\u202f\u202f\u202f\u202f\u202f\u202f\u202f\u202f\u202f\u202f\u202f\u202f\u202f\u202f\u202f\u202f\u202f\u202f\u202f\u202f\u202f\u202f\u202f\u202f\u202f\u202f\u202f\u202f\u202f\u202f\u202f\u202f\u202f\u202f\u202f\u202f\u202f\u202f\u202f\u202f\u202f\u202f\u202f\u202f\u202f\u202f\u202f\u202f\u202f\u202f\u202f\u202f\u202f\u202f\u202f\u202f\u202f\u202f\u202f\u202f\u202f\u202f\u202f\u202f\u202f\u202f\u202f\u202f\u202f\u202f\ufffd\ufffd&#x27;s\u202fmhargadh nu\u00e1la\u00edochta, a thugann le ch\u00e9ile sol\u00e1thraithe r\u00e9iteach digiteach uaillmhianacha agus corpar\u00e1id\u00ed a bhfuil f\u00edordh\u00fashl\u00e1in claochlaithe dhigitigh acu. Crutha\u00edonn an Malart\u00e1n Nu\u00e1la\u00edochta timpeallacht iontaofa ina bhf\u00e9adann sol\u00e1thraithe r\u00e9iteach rochtain a fh\u00e1il ar ph\u00edbl\u00edne d\u00edolach\u00e1in ch\u00e1ilithe, ar dheiseanna chun cur i l\u00e1thair a dh\u00e9anamh go d\u00edreach do lucht d\u00e9anta cinnt\u00ed, agus ar chaidrimh thr\u00e1cht\u00e1la bhuan a choth\u00fa, le taca\u00edocht \u00f3 oili\u00faint shaincheaptha. Faigheann corpar\u00e1id\u00ed ar n\u00f3s Ryanair, VHI agus Glanbia tairbhe as rochtain ar \u00e9iceach\u00f3ras nu\u00e1la\u00edochta ilghn\u00e9itheach, ar smaointeoireacht \u00far &amp; ar thallann, agus ar chomhph\u00e1irtithe comhoibrithe cruthaithe at\u00e1 in ann tac\u00fa le hathr\u00fa agus f\u00e1s eagra\u00edocht\u00fail. Taca\u00edonn l\u00edonra comhph\u00e1irt\u00edochta n\u00e1isi\u00fanta agus comhph\u00e1irtithe n\u00e1isi\u00fanta ar n\u00f3s Sport Ireland agus Research Ireland le comhoibri\u00fa, le comhroinnt eolais agus le nu\u00e1la\u00edocht inbhuanaithe, insc\u00e1laithe. Maidir le The Mill Enterprise Hub Is \u00e9 The Mill Enterprise Hub an mol nu\u00e1la\u00edochta is m\u00f3 le r\u00e1 do ghn\u00f3lachta\u00ed nuathionscanta agus do chuideachta\u00ed at\u00e1 ag sc\u00e1l\u00fa in Oirthuaisceart na h\u00c9ireann. Lonnaithe i nDroichead \u00c1tha, cuireann The Mill sp\u00e1sanna comhoibrithe d&#x27;ardchaighde\u00e1n, meant\u00f3ireacht, cl\u00e1ir oili\u00fana, agus rochtain ar thaca\u00edochta\u00ed maoinithe ar f\u00e1il. Cotha\u00edonn s\u00e9 \u00e9iceach\u00f3ras comhoibr\u00edoch a chuireann ar chumas fiontraithe gn\u00f3lachta\u00ed inbhuanaithe a fh\u00e1s. Mar phr\u00edomhph\u00e1irt\u00ed r\u00e9igi\u00fanach de Mhalart\u00e1n Nu\u00e1la\u00edochta Skillnet, nascann The Mill cuideachta\u00ed at\u00e1 ag f\u00e1s le r\u00e9itigh at\u00e1 r\u00e9idh don fhiontar, le treoir shaineolach, agus le deiseanna luachmhara l\u00edonraithe ar fud L\u00fa, M\u00ed na M\u00ed, an Cabh\u00e1n, Muineach\u00e1n agus Cill Dara. Tr\u00ed chomhph\u00e1irt\u00edochta\u00ed strait\u00e9iseacha agus f\u00f3cas l\u00e1idir ar an bpobal, t\u00e1 r\u00f3l l\u00e1rnach ag The Mill i dtiom\u00e1int an fh\u00e1is eacnama\u00edoch r\u00e9igi\u00fanaigh agus na nu\u00e1la\u00edochta. Faigh tuilleadh eolais ag www.themilldrogheda.ie. Maidir le Skillnet \u00c9ireann Is \u00e9 Skillnet \u00c9ireann gn\u00edomhaireacht n\u00e1isi\u00fanta forbartha buanna de chuid Rialtas na h\u00c9ireann, at\u00e1 freagrach as ioma\u00edochas, t\u00e1irgi\u00falacht agus nu\u00e1la\u00edocht ghn\u00f3lachta\u00ed na h\u00c9ireann a chur chun cinn tr\u00ed fhorbairt buanna faoi sti\u00fair fiontar.\u00a0Oibr\u00edonn Skillnet \u00c9ireann i gcomhph\u00e1irt\u00edocht le 57 comhlacht tionscail, ag tac\u00fa le breis agus 26,000 gn\u00f3 agus n\u00edos m\u00f3 n\u00e1 97,000 oili\u00fana\u00ed gach bliain, tr\u00edna 70 L\u00edonra Gn\u00f3 Skillnet agus a c\u00faig Thionscnamh N\u00e1isi\u00fanta, ar fud fhormh\u00f3r na n-earn\u00e1lacha agus na r\u00e9igi\u00fan go l\u00e9ir in \u00c9irinn.\u202fFaigheann Skillnet \u00c9ire maoini\u00fa \u00f3n gCiste N\u00e1isi\u00fanta Oili\u00fana tr\u00edd an Roinn ar an Ardoideachas, an Taighde, an Nu\u00e1la\u00edocht agus an Eola\u00edocht.\u202f\u202f\u202f\u202f\u202f Chun tuilleadh a fhoghlaim faoi Skillnet \u00c9ire, tabhair cuairt ar www.skillnetireland.ie\u202f\u202f\u202f\u202f\u202f\u202f\u202f\u202f\u202f\u202f\u00a0Uirlis chuardaigh L\u00edonra Gn\u00f3 Skillnet:\u00a0https:\/\/www.skillnetireland.ie\/our-networks\/\u202f\u202f\u202f\u202f\u202f\u202f\u202f\u202f\u00a0\u202f\u202f\u00a0 Facebook: @SkillnetIreland\u202f\u202f\u202f\u202f\u202f\u202f\u202f\u202f\u202f\u00a0Twitter: @SkillnetIreland\u202f\u202f\u202f\u202f\u202f\u202f\u202f\u202f\u202f\u00a0LinkedIn:\u00a0www.linkedin.com\/company\/skillnetireland\u202f\u202f\u202f\u202f&nbsp;<\/p>\n\t\t<\/div>\n\t\t\t\t<\/div>\n\t\t\t\t<\/article>\n\t\t\t\t<article class=\"elementor-post elementor-grid-item post-17323 post type-post status-publish format-standard has-post-thumbnail hentry category-news tag-62 category-1 description-off\" role=\"listitem\">\n\t\t\t\t<a class=\"elementor-post__thumbnail__link\" href=\"https:\/\/theinnovationexchange.ie\/ga\/what-does-it-take-for-an-aviation-startup-to-stand-out-in-a-crowded-market\/\" tabindex=\"-1\" >\n\t\t\t<div class=\"elementor-post__thumbnail\"><img loading=\"lazy\" decoding=\"async\" width=\"1920\" height=\"1080\" src=\"https:\/\/theinnovationexchange.ie\/wp-content\/uploads\/2026\/06\/IMG_8738.jpeg\" class=\"attachment-full size-full wp-image-17324\" alt=\"\" srcset=\"https:\/\/theinnovationexchange.ie\/wp-content\/uploads\/2026\/06\/IMG_8738.jpeg 1920w, https:\/\/theinnovationexchange.ie\/wp-content\/uploads\/2026\/06\/IMG_8738-300x169.jpeg 300w, https:\/\/theinnovationexchange.ie\/wp-content\/uploads\/2026\/06\/IMG_8738-1024x576.jpeg 1024w, https:\/\/theinnovationexchange.ie\/wp-content\/uploads\/2026\/06\/IMG_8738-768x432.jpeg 768w, https:\/\/theinnovationexchange.ie\/wp-content\/uploads\/2026\/06\/IMG_8738-1536x864.jpeg 1536w\" sizes=\"(max-width: 1920px) 100vw, 1920px\" \/><\/div>\n\t\t<\/a>\n\t\t\t\t<div class=\"elementor-post__text\">\n\t\t\t\t<h3 class=\"elementor-post__title\">\n\t\t\t<a href=\"https:\/\/theinnovationexchange.ie\/ga\/what-does-it-take-for-an-aviation-startup-to-stand-out-in-a-crowded-market\/\" >\n\t\t\t\tCad a theasta\u00edonn chun go seasfadh gn\u00f3lacht nuathionscanta eitl\u00edochta amach i margadh pl\u00f3daithe?\t\t\t<\/a>\n\t\t<\/h3>\n\t\t\t\t<div class=\"elementor-post__excerpt\">\n\t\t\t<p>Ghlac \u00e1r gConor Carmody f\u00e9in p\u00e1irt i gcomhr\u00e1 neofoirmi\u00fail ag Seisi\u00fan Cur i L\u00e1thair Gn\u00f3lachta\u00ed Nuathionscanta Foch\u00faraim &amp; Miond\u00edola APEX FTE EMEA, \u00e1it a raibh an deis aige \u00e9isteacht le sraith den scoth d&#x27;nu\u00e1laithe, lena n-\u00e1ir\u00edtear 22North by Phonon, AEROMOND Group, biztribution, Movmo, Passtination, Platform 195 agus Skyfood Airport Delivery. Agus \u00e9 ag machnamh ar na cur i l\u00e1thair agus ar an t\u00edrdhreach nu\u00e1la\u00edochta eitl\u00edochta n\u00edos leithne, th\u00e1inig roinnt t\u00e9ama\u00ed chun solais: Agus \u00e9 ag f\u00e9achaint ar \u00e9iceach\u00f3ras n\u00edos leithne na bhfiontar nuathionscanta in \u00c9irinn, d&#x27;aibhsigh Conor an neart at\u00e1 san bhonneagar nu\u00e1la\u00edochta at\u00e1 ar f\u00e1il do bhunaitheoir\u00ed, \u00f3 thaca\u00edochta\u00ed Fhiontar \u00c9ireann go hionaid nu\u00e1la\u00edochta agus luasair\u00ed ar fud na t\u00edre. Agus n\u00edos m\u00f3 n\u00e1 \u20ac1 billi\u00fan tiomanta ag gn\u00f3lachta\u00ed nuathionscanta \u00c9ireannacha agus an Intleacht Shaorga (IS) ag tac\u00fa leis an nu\u00e1la\u00edocht thar earn\u00e1lacha, t\u00e1 \u00c9irinn f\u00f3s ag t\u00e1irgeadh cuideachta\u00ed uaillmhianacha a bhfuil maoin intleacht\u00fail l\u00e1idir acu agus acmhainneacht acu ar sc\u00e1la domhanda. T\u00e1 rud amh\u00e1in seasmhach san eitleoireacht: t\u00e1 an ts\u00e1bh\u00e1ilteacht thar gach n\u00ed eile. Is iad na gn\u00f3lachta\u00ed nuathionscanta a \u00e9ireoidh leo n\u00e1 iad si\u00fad a chomhcheangla\u00edonn nu\u00e1la\u00edocht, luach tr\u00e1cht\u00e1la agus iontaofacht oibr\u00edocht\u00fail. N\u00edos t\u00e1bhachta\u00ed f\u00f3s, n\u00ed raibh aon ganntanas smaointe iontacha sa seomra. Is \u00e9 an d\u00fashl\u00e1n \u2013 agus an deis \u2013 n\u00e1 beala\u00ed a aimsi\u00fa do ghn\u00f3lachta\u00ed nuathionscanta agus do cheannair\u00ed tionscail chun f\u00e1s le ch\u00e9ile.<\/p>\n\t\t<\/div>\n\t\t\t\t<\/div>\n\t\t\t\t<\/article>\n\t\t\t\t<\/div>\n\t\t\n\t\t\t\t\t\t<\/div>\n\t\t\t\t<\/div>\n\t\t\t\t\t<\/div>\n\t\t<\/div>\n\t\t\t\t\t<\/div>\n\t\t<\/section>\n\t\t\t\t<\/div>","protected":false},"excerpt":{"rendered":"<p>An r\u00f3l agus an tionchar a bhaineann leis an gcomhoibri\u00fa san nu\u00e1la\u00edocht chorpar\u00e1ideach in \u00c9irinn 2023<\/p>","protected":false},"author":490,"featured_media":7760,"comment_status":"closed","ping_status":"closed","sticky":false,"template":"","format":"standard","meta":{"_acf_changed":false,"content-type":"","inline_featured_image":false,"footnotes":""},"categories":[13,1],"tags":[29],"class_list":["post-7671","post","type-post","status-publish","format-standard","has-post-thumbnail","hentry","category-members-hub","category-news","tag-year-2023","category-1","description-off"],"acf":[],"yoast_head":"<!-- This site is optimized with the Yoast SEO plugin v28.0 - https:\/\/yoast.com\/product\/yoast-seo-wordpress\/ -->\n<title>The role and impact of collaboration in corporate innovation in Ireland 2023<\/title>\n<meta name=\"description\" content=\"Bridging the Divide. The role and impact of collaboration in corporate innovation in Ireland 2023 with the innovation exchange\" \/>\n<meta name=\"robots\" content=\"index, follow, max-snippet:-1, max-image-preview:large, max-video-preview:-1\" \/>\n<link rel=\"canonical\" href=\"https:\/\/theinnovationexchange.ie\/ga\/the-role-and-impact-of-collaboration-in-corporate-innovation-in-ireland-2023\/\" \/>\n<meta property=\"og:locale\" content=\"en_US\" \/>\n<meta property=\"og:type\" content=\"article\" \/>\n<meta property=\"og:title\" content=\"The role and impact of collaboration in corporate innovation in Ireland 2023\" \/>\n<meta property=\"og:description\" content=\"Bridging the Divide. The role and impact of collaboration in corporate innovation in Ireland 2023 with the innovation exchange\" \/>\n<meta property=\"og:url\" content=\"https:\/\/theinnovationexchange.ie\/ga\/the-role-and-impact-of-collaboration-in-corporate-innovation-in-ireland-2023\/\" \/>\n<meta property=\"og:site_name\" content=\"The Innovation Exchange\" \/>\n<meta property=\"article:published_time\" content=\"2023-09-11T08:01:56+00:00\" \/>\n<meta property=\"article:modified_time\" content=\"2024-05-17T20:33:49+00:00\" \/>\n<meta property=\"og:image\" content=\"https:\/\/theinnovationexchange.ie\/wp-content\/uploads\/2023\/09\/The-Innovation-Exchange-Report-Cover-1200x600_150-Res.jpg\" \/>\n\t<meta property=\"og:image:width\" content=\"1920\" \/>\n\t<meta property=\"og:image:height\" content=\"960\" \/>\n\t<meta property=\"og:image:type\" content=\"image\/jpeg\" \/>\n<meta name=\"author\" content=\"Tom Gibbons\" \/>\n<meta name=\"twitter:card\" content=\"summary_large_image\" \/>\n<meta name=\"twitter:label1\" content=\"Written by\" \/>\n\t<meta name=\"twitter:data1\" content=\"Tom Gibbons\" \/>\n\t<meta name=\"twitter:label2\" content=\"Est. reading time\" \/>\n\t<meta name=\"twitter:data2\" content=\"3 minutes\" \/>\n<script type=\"application\/ld+json\" class=\"yoast-schema-graph\">{\"@context\":\"https:\\\/\\\/schema.org\",\"@graph\":[{\"@type\":\"Article\",\"@id\":\"https:\\\/\\\/theinnovationexchange.ie\\\/the-role-and-impact-of-collaboration-in-corporate-innovation-in-ireland-2023\\\/#article\",\"isPartOf\":{\"@id\":\"https:\\\/\\\/theinnovationexchange.ie\\\/the-role-and-impact-of-collaboration-in-corporate-innovation-in-ireland-2023\\\/\"},\"author\":{\"name\":\"Tom Gibbons\",\"@id\":\"https:\\\/\\\/theinnovationexchange.ie\\\/#\\\/schema\\\/person\\\/8648d11b66c1860c547fe334f593d2df\"},\"headline\":\"The role and impact of collaboration in corporate innovation in Ireland 2023\",\"datePublished\":\"2023-09-11T08:01:56+00:00\",\"dateModified\":\"2024-05-17T20:33:49+00:00\",\"mainEntityOfPage\":{\"@id\":\"https:\\\/\\\/theinnovationexchange.ie\\\/the-role-and-impact-of-collaboration-in-corporate-innovation-in-ireland-2023\\\/\"},\"wordCount\":164,\"publisher\":{\"@id\":\"https:\\\/\\\/theinnovationexchange.ie\\\/#organization\"},\"image\":{\"@id\":\"https:\\\/\\\/theinnovationexchange.ie\\\/the-role-and-impact-of-collaboration-in-corporate-innovation-in-ireland-2023\\\/#primaryimage\"},\"thumbnailUrl\":\"https:\\\/\\\/theinnovationexchange.ie\\\/wp-content\\\/uploads\\\/2023\\\/09\\\/The-Innovation-Exchange-Report-Cover-1200x600_150-Res-e1718029237945.jpg\",\"keywords\":[\"2023\"],\"articleSection\":[\"Members Hub\",\"News\"],\"inLanguage\":\"ga\"},{\"@type\":\"WebPage\",\"@id\":\"https:\\\/\\\/theinnovationexchange.ie\\\/the-role-and-impact-of-collaboration-in-corporate-innovation-in-ireland-2023\\\/\",\"url\":\"https:\\\/\\\/theinnovationexchange.ie\\\/the-role-and-impact-of-collaboration-in-corporate-innovation-in-ireland-2023\\\/\",\"name\":\"The role and impact of collaboration in corporate innovation in Ireland 2023\",\"isPartOf\":{\"@id\":\"https:\\\/\\\/theinnovationexchange.ie\\\/#website\"},\"primaryImageOfPage\":{\"@id\":\"https:\\\/\\\/theinnovationexchange.ie\\\/the-role-and-impact-of-collaboration-in-corporate-innovation-in-ireland-2023\\\/#primaryimage\"},\"image\":{\"@id\":\"https:\\\/\\\/theinnovationexchange.ie\\\/the-role-and-impact-of-collaboration-in-corporate-innovation-in-ireland-2023\\\/#primaryimage\"},\"thumbnailUrl\":\"https:\\\/\\\/theinnovationexchange.ie\\\/wp-content\\\/uploads\\\/2023\\\/09\\\/The-Innovation-Exchange-Report-Cover-1200x600_150-Res-e1718029237945.jpg\",\"datePublished\":\"2023-09-11T08:01:56+00:00\",\"dateModified\":\"2024-05-17T20:33:49+00:00\",\"description\":\"Bridging the Divide. The role and impact of collaboration in corporate innovation in Ireland 2023 with the innovation exchange\",\"breadcrumb\":{\"@id\":\"https:\\\/\\\/theinnovationexchange.ie\\\/the-role-and-impact-of-collaboration-in-corporate-innovation-in-ireland-2023\\\/#breadcrumb\"},\"inLanguage\":\"ga\",\"potentialAction\":[{\"@type\":\"ReadAction\",\"target\":[\"https:\\\/\\\/theinnovationexchange.ie\\\/the-role-and-impact-of-collaboration-in-corporate-innovation-in-ireland-2023\\\/\"]}]},{\"@type\":\"ImageObject\",\"inLanguage\":\"ga\",\"@id\":\"https:\\\/\\\/theinnovationexchange.ie\\\/the-role-and-impact-of-collaboration-in-corporate-innovation-in-ireland-2023\\\/#primaryimage\",\"url\":\"https:\\\/\\\/theinnovationexchange.ie\\\/wp-content\\\/uploads\\\/2023\\\/09\\\/The-Innovation-Exchange-Report-Cover-1200x600_150-Res-e1718029237945.jpg\",\"contentUrl\":\"https:\\\/\\\/theinnovationexchange.ie\\\/wp-content\\\/uploads\\\/2023\\\/09\\\/The-Innovation-Exchange-Report-Cover-1200x600_150-Res-e1718029237945.jpg\",\"width\":1670,\"height\":940},{\"@type\":\"BreadcrumbList\",\"@id\":\"https:\\\/\\\/theinnovationexchange.ie\\\/the-role-and-impact-of-collaboration-in-corporate-innovation-in-ireland-2023\\\/#breadcrumb\",\"itemListElement\":[{\"@type\":\"ListItem\",\"position\":1,\"name\":\"Home\",\"item\":\"https:\\\/\\\/theinnovationexchange.ie\\\/\"},{\"@type\":\"ListItem\",\"position\":2,\"name\":\"The role and impact of collaboration in corporate innovation in Ireland 2023\"}]},{\"@type\":\"WebSite\",\"@id\":\"https:\\\/\\\/theinnovationexchange.ie\\\/#website\",\"url\":\"https:\\\/\\\/theinnovationexchange.ie\\\/\",\"name\":\"The Innovation Exchange\",\"description\":\"Just another WordPress site\",\"publisher\":{\"@id\":\"https:\\\/\\\/theinnovationexchange.ie\\\/#organization\"},\"potentialAction\":[{\"@type\":\"SearchAction\",\"target\":{\"@type\":\"EntryPoint\",\"urlTemplate\":\"https:\\\/\\\/theinnovationexchange.ie\\\/?s={search_term_string}\"},\"query-input\":{\"@type\":\"PropertyValueSpecification\",\"valueRequired\":true,\"valueName\":\"search_term_string\"}}],\"inLanguage\":\"ga\"},{\"@type\":\"Organization\",\"@id\":\"https:\\\/\\\/theinnovationexchange.ie\\\/#organization\",\"name\":\"The Innovation Exchange\",\"url\":\"https:\\\/\\\/theinnovationexchange.ie\\\/\",\"logo\":{\"@type\":\"ImageObject\",\"inLanguage\":\"ga\",\"@id\":\"https:\\\/\\\/theinnovationexchange.ie\\\/#\\\/schema\\\/logo\\\/image\\\/\",\"url\":\"https:\\\/\\\/theinnovationexchange.ie\\\/wp-content\\\/uploads\\\/2024\\\/01\\\/SIE-RGB-LOGO_FOR-USE-ON-LIGHT-BACKGROUND_JAN-2024-1.svg\",\"contentUrl\":\"https:\\\/\\\/theinnovationexchange.ie\\\/wp-content\\\/uploads\\\/2024\\\/01\\\/SIE-RGB-LOGO_FOR-USE-ON-LIGHT-BACKGROUND_JAN-2024-1.svg\",\"width\":1920,\"height\":830,\"caption\":\"The Innovation Exchange\"},\"image\":{\"@id\":\"https:\\\/\\\/theinnovationexchange.ie\\\/#\\\/schema\\\/logo\\\/image\\\/\"}},{\"@type\":\"Person\",\"@id\":\"https:\\\/\\\/theinnovationexchange.ie\\\/#\\\/schema\\\/person\\\/8648d11b66c1860c547fe334f593d2df\",\"name\":\"Tom Gibbons\",\"image\":{\"@type\":\"ImageObject\",\"inLanguage\":\"ga\",\"@id\":\"https:\\\/\\\/secure.gravatar.com\\\/avatar\\\/f2f96e2bbe9517aa0ecc02ab5a44cc1e39952db2e0b0bce573de4f544d04d83b?s=96&d=mm&r=g\",\"url\":\"https:\\\/\\\/secure.gravatar.com\\\/avatar\\\/f2f96e2bbe9517aa0ecc02ab5a44cc1e39952db2e0b0bce573de4f544d04d83b?s=96&d=mm&r=g\",\"contentUrl\":\"https:\\\/\\\/secure.gravatar.com\\\/avatar\\\/f2f96e2bbe9517aa0ecc02ab5a44cc1e39952db2e0b0bce573de4f544d04d83b?s=96&d=mm&r=g\",\"caption\":\"Tom Gibbons\"},\"url\":\"https:\\\/\\\/theinnovationexchange.ie\\\/ga\\\/author\\\/tgibbons\\\/\"}]}<\/script>\n<!-- \/ Yoast SEO plugin. -->","yoast_head_json":{"title":"An r\u00f3l agus an tionchar a bhaineann leis an gcomhoibri\u00fa san nu\u00e1la\u00edocht chorpar\u00e1ideach in \u00c9irinn 2023","description":"Bridging the Divide. The role and impact of collaboration in corporate innovation in Ireland 2023 with the innovation exchange","robots":{"index":"index","follow":"follow","max-snippet":"max-snippet:-1","max-image-preview":"max-image-preview:large","max-video-preview":"max-video-preview:-1"},"canonical":"https:\/\/theinnovationexchange.ie\/ga\/the-role-and-impact-of-collaboration-in-corporate-innovation-in-ireland-2023\/","og_locale":"en_US","og_type":"article","og_title":"The role and impact of collaboration in corporate innovation in Ireland 2023","og_description":"Bridging the Divide. The role and impact of collaboration in corporate innovation in Ireland 2023 with the innovation exchange","og_url":"https:\/\/theinnovationexchange.ie\/ga\/the-role-and-impact-of-collaboration-in-corporate-innovation-in-ireland-2023\/","og_site_name":"The Innovation Exchange","article_published_time":"2023-09-11T08:01:56+00:00","article_modified_time":"2024-05-17T20:33:49+00:00","og_image":[{"width":1920,"height":960,"url":"https:\/\/theinnovationexchange.ie\/wp-content\/uploads\/2023\/09\/The-Innovation-Exchange-Report-Cover-1200x600_150-Res.jpg","type":"image\/jpeg"}],"author":"Tom Gibbons","twitter_card":"summary_large_image","twitter_misc":{"Written by":"Tom Gibbons","Est. reading time":"3 minutes"},"schema":{"@context":"https:\/\/schema.org","@graph":[{"@type":"Article","@id":"https:\/\/theinnovationexchange.ie\/the-role-and-impact-of-collaboration-in-corporate-innovation-in-ireland-2023\/#article","isPartOf":{"@id":"https:\/\/theinnovationexchange.ie\/the-role-and-impact-of-collaboration-in-corporate-innovation-in-ireland-2023\/"},"author":{"name":"Tom Gibbons","@id":"https:\/\/theinnovationexchange.ie\/#\/schema\/person\/8648d11b66c1860c547fe334f593d2df"},"headline":"The role and impact of collaboration in corporate innovation in Ireland 2023","datePublished":"2023-09-11T08:01:56+00:00","dateModified":"2024-05-17T20:33:49+00:00","mainEntityOfPage":{"@id":"https:\/\/theinnovationexchange.ie\/the-role-and-impact-of-collaboration-in-corporate-innovation-in-ireland-2023\/"},"wordCount":164,"publisher":{"@id":"https:\/\/theinnovationexchange.ie\/#organization"},"image":{"@id":"https:\/\/theinnovationexchange.ie\/the-role-and-impact-of-collaboration-in-corporate-innovation-in-ireland-2023\/#primaryimage"},"thumbnailUrl":"https:\/\/theinnovationexchange.ie\/wp-content\/uploads\/2023\/09\/The-Innovation-Exchange-Report-Cover-1200x600_150-Res-e1718029237945.jpg","keywords":["2023"],"articleSection":["Members Hub","News"],"inLanguage":"ga"},{"@type":"WebPage","@id":"https:\/\/theinnovationexchange.ie\/the-role-and-impact-of-collaboration-in-corporate-innovation-in-ireland-2023\/","url":"https:\/\/theinnovationexchange.ie\/the-role-and-impact-of-collaboration-in-corporate-innovation-in-ireland-2023\/","name":"An r\u00f3l agus an tionchar a bhaineann leis an gcomhoibri\u00fa san nu\u00e1la\u00edocht chorpar\u00e1ideach in \u00c9irinn 2023","isPartOf":{"@id":"https:\/\/theinnovationexchange.ie\/#website"},"primaryImageOfPage":{"@id":"https:\/\/theinnovationexchange.ie\/the-role-and-impact-of-collaboration-in-corporate-innovation-in-ireland-2023\/#primaryimage"},"image":{"@id":"https:\/\/theinnovationexchange.ie\/the-role-and-impact-of-collaboration-in-corporate-innovation-in-ireland-2023\/#primaryimage"},"thumbnailUrl":"https:\/\/theinnovationexchange.ie\/wp-content\/uploads\/2023\/09\/The-Innovation-Exchange-Report-Cover-1200x600_150-Res-e1718029237945.jpg","datePublished":"2023-09-11T08:01:56+00:00","dateModified":"2024-05-17T20:33:49+00:00","description":"Bridging the Divide. The role and impact of collaboration in corporate innovation in Ireland 2023 with the innovation exchange","breadcrumb":{"@id":"https:\/\/theinnovationexchange.ie\/the-role-and-impact-of-collaboration-in-corporate-innovation-in-ireland-2023\/#breadcrumb"},"inLanguage":"ga","potentialAction":[{"@type":"ReadAction","target":["https:\/\/theinnovationexchange.ie\/the-role-and-impact-of-collaboration-in-corporate-innovation-in-ireland-2023\/"]}]},{"@type":"ImageObject","inLanguage":"ga","@id":"https:\/\/theinnovationexchange.ie\/the-role-and-impact-of-collaboration-in-corporate-innovation-in-ireland-2023\/#primaryimage","url":"https:\/\/theinnovationexchange.ie\/wp-content\/uploads\/2023\/09\/The-Innovation-Exchange-Report-Cover-1200x600_150-Res-e1718029237945.jpg","contentUrl":"https:\/\/theinnovationexchange.ie\/wp-content\/uploads\/2023\/09\/The-Innovation-Exchange-Report-Cover-1200x600_150-Res-e1718029237945.jpg","width":1670,"height":940},{"@type":"BreadcrumbList","@id":"https:\/\/theinnovationexchange.ie\/the-role-and-impact-of-collaboration-in-corporate-innovation-in-ireland-2023\/#breadcrumb","itemListElement":[{"@type":"ListItem","position":1,"name":"Home","item":"https:\/\/theinnovationexchange.ie\/"},{"@type":"ListItem","position":2,"name":"The role and impact of collaboration in corporate innovation in Ireland 2023"}]},{"@type":"WebSite","@id":"https:\/\/theinnovationexchange.ie\/#website","url":"https:\/\/theinnovationexchange.ie\/","name":"An Malart\u00e1n Nu\u00e1la\u00edochta","description":"N\u00edl ann ach su\u00edomh WordPress eile.","publisher":{"@id":"https:\/\/theinnovationexchange.ie\/#organization"},"potentialAction":[{"@type":"SearchAction","target":{"@type":"EntryPoint","urlTemplate":"https:\/\/theinnovationexchange.ie\/?s={search_term_string}"},"query-input":{"@type":"PropertyValueSpecification","valueRequired":true,"valueName":"search_term_string"}}],"inLanguage":"ga"},{"@type":"Organization","@id":"https:\/\/theinnovationexchange.ie\/#organization","name":"An Malart\u00e1n Nu\u00e1la\u00edochta","url":"https:\/\/theinnovationexchange.ie\/","logo":{"@type":"ImageObject","inLanguage":"ga","@id":"https:\/\/theinnovationexchange.ie\/#\/schema\/logo\/image\/","url":"https:\/\/theinnovationexchange.ie\/wp-content\/uploads\/2024\/01\/SIE-RGB-LOGO_FOR-USE-ON-LIGHT-BACKGROUND_JAN-2024-1.svg","contentUrl":"https:\/\/theinnovationexchange.ie\/wp-content\/uploads\/2024\/01\/SIE-RGB-LOGO_FOR-USE-ON-LIGHT-BACKGROUND_JAN-2024-1.svg","width":1920,"height":830,"caption":"The Innovation Exchange"},"image":{"@id":"https:\/\/theinnovationexchange.ie\/#\/schema\/logo\/image\/"}},{"@type":"Person","@id":"https:\/\/theinnovationexchange.ie\/#\/schema\/person\/8648d11b66c1860c547fe334f593d2df","name":"Tom Gibbons","image":{"@type":"ImageObject","inLanguage":"ga","@id":"https:\/\/secure.gravatar.com\/avatar\/f2f96e2bbe9517aa0ecc02ab5a44cc1e39952db2e0b0bce573de4f544d04d83b?s=96&d=mm&r=g","url":"https:\/\/secure.gravatar.com\/avatar\/f2f96e2bbe9517aa0ecc02ab5a44cc1e39952db2e0b0bce573de4f544d04d83b?s=96&d=mm&r=g","contentUrl":"https:\/\/secure.gravatar.com\/avatar\/f2f96e2bbe9517aa0ecc02ab5a44cc1e39952db2e0b0bce573de4f544d04d83b?s=96&d=mm&r=g","caption":"Tom Gibbons"},"url":"https:\/\/theinnovationexchange.ie\/ga\/author\/tgibbons\/"}]}},"_links":{"self":[{"href":"https:\/\/theinnovationexchange.ie\/ga\/wp-json\/wp\/v2\/posts\/7671","targetHints":{"allow":["GET"]}}],"collection":[{"href":"https:\/\/theinnovationexchange.ie\/ga\/wp-json\/wp\/v2\/posts"}],"about":[{"href":"https:\/\/theinnovationexchange.ie\/ga\/wp-json\/wp\/v2\/types\/post"}],"author":[{"embeddable":true,"href":"https:\/\/theinnovationexchange.ie\/ga\/wp-json\/wp\/v2\/users\/490"}],"replies":[{"embeddable":true,"href":"https:\/\/theinnovationexchange.ie\/ga\/wp-json\/wp\/v2\/comments?post=7671"}],"version-history":[{"count":47,"href":"https:\/\/theinnovationexchange.ie\/ga\/wp-json\/wp\/v2\/posts\/7671\/revisions"}],"predecessor-version":[{"id":7763,"href":"https:\/\/theinnovationexchange.ie\/ga\/wp-json\/wp\/v2\/posts\/7671\/revisions\/7763"}],"wp:featuredmedia":[{"embeddable":true,"href":"https:\/\/theinnovationexchange.ie\/ga\/wp-json\/wp\/v2\/media\/7760"}],"wp:attachment":[{"href":"https:\/\/theinnovationexchange.ie\/ga\/wp-json\/wp\/v2\/media?parent=7671"}],"wp:term":[{"taxonomy":"category","embeddable":true,"href":"https:\/\/theinnovationexchange.ie\/ga\/wp-json\/wp\/v2\/categories?post=7671"},{"taxonomy":"post_tag","embeddable":true,"href":"https:\/\/theinnovationexchange.ie\/ga\/wp-json\/wp\/v2\/tags?post=7671"}],"curies":[{"name":"uill","href":"https:\/\/api.w.org\/{rel}","templated":true}]}}